{"id":104087,"date":"2022-01-03T23:00:34","date_gmt":"2022-01-04T02:00:34","guid":{"rendered":"http:\/\/vinasfm.com\/noticias\/?p=104087"},"modified":"2022-01-04T20:37:57","modified_gmt":"2022-01-04T23:37:57","slug":"loser-recordo-los-mejores-momentos-del-2021-despues-del-ultimo-punto-contra-brasil-y-cuando-la-gente-me-recibio-en-alvear","status":"publish","type":"post","link":"https:\/\/vinasfm.com\/noticias\/loser-recordo-los-mejores-momentos-del-2021-despues-del-ultimo-punto-contra-brasil-y-cuando-la-gente-me-recibio-en-alvear\/","title":{"rendered":"LOSER RECORD\u00d3 LOS MEJORES MOMENTOS DEL 2021: &#8216;DESPU\u00c9S DEL \u00daLTIMO PUNTO CONTRA BRASIL Y CUANDO LA GENTE ME RECIBI\u00d3 EN ALVEAR&#8217;"},"content":{"rendered":"<h4><strong><span style=\"color: #000000;\">Agust\u00edn Loser repas\u00f3 el mejor a\u00f1o de su carrera e hist\u00f3rico para el voley nacional en el que obtuvo una medalla de bronce, agradeci\u00f3 el reconocimiento de los alvearenses en su vuelta al pa\u00eds y asegur\u00f3 que se mantiene vivo el deseo de ir por m\u00e1s \u00e9xitos deportivos con la Selecci\u00f3n Nacional.<\/span><\/strong><\/h4>\n<p><span style=\"color: #000000;\">Despu\u00e9s de un a\u00f1o hist\u00f3rico para el voley argentino por una medalla de bronce en los Juegos Ol\u00edmpicos de Tokyo, en el que el alvearense fue un protagonista sobresaliente, <strong>en di\u00e1logo con FM Vi\u00f1as Agust\u00edn Loser repas\u00f3 los episodios destacados del mejor a\u00f1o de su carrera<\/strong>, seg\u00fan afirm\u00f3 el mismo protagonista. <em><strong>\u00abEstoy contento, fue un a\u00f1o incre\u00edble e hist\u00f3rico as\u00ed que estoy contento de haber aportado todo lo que pude para lograrlo\u00bb<\/strong><\/em>, expres\u00f3 el orgullo del deporte alvearense.<\/span><\/p>\n<p><span style=\"color: #000000;\">Con grandes metas para 2022, entre los que vuelve a aparecer la Volleyball Nations League y el Mundial con la Selecci\u00f3n Argentina, Loser revivi\u00f3 los mejores recuerdos de 2021. <strong><em>\u00abLos dos momentos m\u00e1s emocionantes para m\u00ed fueron despu\u00e9s del \u00faltimo punto contra Brasil, cuando ganamos y festejamos por los chicos por todo el sacrificio, no solo del a\u00f1o sino de toda una carrera. Y el otro fue cuando volv\u00ed a ver mi familia y tuve todo el recibimiento de la gente de Alvear, de eso no me voy a olvidar nunca\u00bb<\/em><\/strong>, confes\u00f3.<\/span><\/p>\n<p><span style=\"color: #000000;\">Con gratitud por la repercusi\u00f3n que tambi\u00e9n ha tenido la medalla, que fue la segunda en la disciplina y a 33 a\u00f1os de la primera, el ex Bol\u00edvar y Ciudad dese\u00f3: <em><strong>\u00abEspero que esta repercusi\u00f3n de lograr m\u00e1s objetivos con Argentina y este reconocimiento es una muestra de que pudimos transmitir todo nuestro esfuerzo\u00bb<\/strong><\/em>. En ese sentido, anunci\u00f3: <em><strong>\u00abMi carrera con la Selecci\u00f3n reci\u00e9n empieza y quiero lograr m\u00e1s t\u00edtulos. No me conformo y vamos a seguir peleando por estar en podios, representando al pa\u00eds que es lo m\u00e1s lindo\u00bb.<\/strong><\/em><\/span><\/p>\n<h4><span style=\"color: #000000;\"><strong>La actividad de Loser contin\u00faa en Francia<\/strong><\/span><\/h4>\n<p><span style=\"color: #000000;\">Despu\u00e9s del final de temporada con la Selecci\u00f3n Nacional de Voley, que termin\u00f3 con una medalla de plata en el Sudamericano disputado en Brasil, <strong>Agust\u00edn Loser retom\u00f3 la actividad en el Tourcoing Lille M\u00e9tropole, equipo de la Primera Divisi\u00f3n de Francia<\/strong>.<\/span><\/p>\n<p><span style=\"color: #000000;\">En lo que es su segunda temporada en el voley franc\u00e9s, afront\u00f3 un inicio de temporada negativo pero terminaron la primera rueda en zona de playoffs: <em><strong>\u00abFue un arranque muy irregular en el juego y eso tiene como consecuencia malos resultados, pero estamos muy motivados para el 2022 con toda la segunda rueda por delante\u00bb.<\/strong><\/em><\/span><\/p>\n<h5><span style=\"color: #000000;\"><strong>\u2022L.A.<\/strong><\/span><\/h5>\n","protected":false},"excerpt":{"rendered":"<p>Agust\u00edn Loser repas\u00f3 el mejor a\u00f1o de su carrera e hist\u00f3rico para el voley nacional en el que obtuvo una medalla &#8230;<\/p>\n","protected":false},"author":7,"featured_media":104099,"comment_status":"open","ping_status":"open","sticky":false,"template":"","format":"standard","meta":{"footnotes":""},"categories":[5,3],"tags":[],"class_list":["post-104087","post","type-post","status-publish","format-standard","has-post-thumbnail","hentry","category-actualidad","category-deportes"],"_links":{"self":[{"href":"https:\/\/vinasfm.com\/noticias\/wp-json\/wp\/v2\/posts\/104087","targetHints":{"allow":["GET"]}}],"collection":[{"href":"https:\/\/vinasfm.com\/noticias\/wp-json\/wp\/v2\/posts"}],"about":[{"href":"https:\/\/vinasfm.com\/noticias\/wp-json\/wp\/v2\/types\/post"}],"author":[{"embeddable":true,"href":"https:\/\/vinasfm.com\/noticias\/wp-json\/wp\/v2\/users\/7"}],"replies":[{"embeddable":true,"href":"https:\/\/vinasfm.com\/noticias\/wp-json\/wp\/v2\/comments?post=104087"}],"version-history":[{"count":7,"href":"https:\/\/vinasfm.com\/noticias\/wp-json\/wp\/v2\/posts\/104087\/revisions"}],"predecessor-version":[{"id":104116,"href":"https:\/\/vinasfm.com\/noticias\/wp-json\/wp\/v2\/posts\/104087\/revisions\/104116"}],"wp:featuredmedia":[{"embeddable":true,"href":"https:\/\/vinasfm.com\/noticias\/wp-json\/wp\/v2\/media\/104099"}],"wp:attachment":[{"href":"https:\/\/vinasfm.com\/noticias\/wp-json\/wp\/v2\/media?parent=104087"}],"wp:term":[{"taxonomy":"category","embeddable":true,"href":"https:\/\/vinasfm.com\/noticias\/wp-json\/wp\/v2\/categories?post=104087"},{"taxonomy":"post_tag","embeddable":true,"href":"https:\/\/vinasfm.com\/noticias\/wp-json\/wp\/v2\/tags?post=104087"}],"curies":[{"name":"wp","href":"https:\/\/api.w.org\/{rel}","templated":true}]}}