{"id":103877,"date":"2021-12-28T23:59:28","date_gmt":"2021-12-29T02:59:28","guid":{"rendered":"http:\/\/vinasfm.com\/noticias\/?p=103877"},"modified":"2021-12-29T10:52:13","modified_gmt":"2021-12-29T13:52:13","slug":"robaron-en-una-vivienda-y-en-un-complejo-de-departamentos-de-ciudad","status":"publish","type":"post","link":"https:\/\/vinasfm.com\/noticias\/robaron-en-una-vivienda-y-en-un-complejo-de-departamentos-de-ciudad\/","title":{"rendered":"ROBARON EN UNA VIVIENDA Y EN UN COMPLEJO DE DEPARTAMENTOS DE CIUDAD"},"content":{"rendered":"<h4><span style=\"color: #000000;\"><strong>En horas de la madrugada de este martes, dos vecinos de nuestra Ciudad fueron v\u00edctimas de la inseguridad. El primer hecho delictivo se produjo bajo la modalidad &#8216;<em>escruche<\/em>&#8216; en una vivienda de calle Caseros al 380 mientras que el segundo ocurri\u00f3 en un complejo de departamentos de calle Roque S\u00e1enz Pe\u00f1a.<\/strong><\/span><\/h4>\n<p><span style=\"color: #000000;\">Autoridades policiales confirmaron que <strong>durante la madrugada de este martes<\/strong>, delincuentes ingresaron a una <strong>vivienda ubicada en calle Caseros 380<\/strong> y se apoderaron de un <strong><em>Tv Noblex 55&#8243;, $3.500<\/em><\/strong> y un <strong><em>monitor de PC marca Samsung<\/em><\/strong>.<\/span><\/p>\n<p><span style=\"color: #000000;\">La <strong>propietaria (53)<\/strong> denunci\u00f3 que <strong>sali\u00f3 de su domicilio a las 23:30hs de este lunes<\/strong> dej\u00e1ndolo con medidas de seguridad y al <strong>regresar a las 06:00hs de este martes<\/strong> constat\u00f3 que <strong>malvivientes le hab\u00edan roto la persiana<\/strong> y luego de <strong>revisar todo el interior<\/strong> le hab\u00edan sustra\u00eddo los elementos antes mencionados.<\/span><\/p>\n<p><span style=\"color: #000000;\">El segundo hecho delictivo ocurri\u00f3 en un c<strong>omplejo de departamentos<\/strong> situado en <strong>Roque S\u00e1enz Pe\u00f1a 585<\/strong>. El damnificado, un<strong> joven de 22 a\u00f1os<\/strong>, denunci\u00f3 que <strong>este lunes a las 23:30hs dej\u00f3 estacionada<\/strong> en el pasillo interno del complejo su <strong>motocicleta marca Motomel 110cc<\/strong>, con la traba de seguridad, pero <strong>al salir cerca de las 06:25hs de este martes constat\u00f3 que el rodado no estaba<\/strong>.<\/span><\/p>\n<p><span style=\"color: #000000;\">En ambos hechos trabaj\u00f3 <strong>personal de Comisar\u00eda 14\u00b0 y Polic\u00eda Cient\u00edfica<\/strong> bajo instrucci\u00f3n de la <strong>Unidad Fiscal de General Alvear<\/strong>. Se labraron actuaciones en &#8216;<strong><em>Averiguaci\u00f3n Robo<\/em><\/strong>&#8216;.<\/span><\/p>\n<h5><span style=\"color: #000000;\">\u2022F.B.<\/span><\/h5>\n","protected":false},"excerpt":{"rendered":"<p>En horas de la madrugada de este martes, dos vecinos de nuestra Ciudad fueron v\u00edctimas de la inseguridad. El primer hecho &#8230;<\/p>\n","protected":false},"author":8,"featured_media":63435,"comment_status":"open","ping_status":"open","sticky":false,"template":"","format":"standard","meta":{"footnotes":""},"categories":[5,4],"tags":[],"class_list":["post-103877","post","type-post","status-publish","format-standard","has-post-thumbnail","hentry","category-actualidad","category-policiales"],"_links":{"self":[{"href":"https:\/\/vinasfm.com\/noticias\/wp-json\/wp\/v2\/posts\/103877","targetHints":{"allow":["GET"]}}],"collection":[{"href":"https:\/\/vinasfm.com\/noticias\/wp-json\/wp\/v2\/posts"}],"about":[{"href":"https:\/\/vinasfm.com\/noticias\/wp-json\/wp\/v2\/types\/post"}],"author":[{"embeddable":true,"href":"https:\/\/vinasfm.com\/noticias\/wp-json\/wp\/v2\/users\/8"}],"replies":[{"embeddable":true,"href":"https:\/\/vinasfm.com\/noticias\/wp-json\/wp\/v2\/comments?post=103877"}],"version-history":[{"count":5,"href":"https:\/\/vinasfm.com\/noticias\/wp-json\/wp\/v2\/posts\/103877\/revisions"}],"predecessor-version":[{"id":103879,"href":"https:\/\/vinasfm.com\/noticias\/wp-json\/wp\/v2\/posts\/103877\/revisions\/103879"}],"wp:featuredmedia":[{"embeddable":true,"href":"https:\/\/vinasfm.com\/noticias\/wp-json\/wp\/v2\/media\/63435"}],"wp:attachment":[{"href":"https:\/\/vinasfm.com\/noticias\/wp-json\/wp\/v2\/media?parent=103877"}],"wp:term":[{"taxonomy":"category","embeddable":true,"href":"https:\/\/vinasfm.com\/noticias\/wp-json\/wp\/v2\/categories?post=103877"},{"taxonomy":"post_tag","embeddable":true,"href":"https:\/\/vinasfm.com\/noticias\/wp-json\/wp\/v2\/tags?post=103877"}],"curies":[{"name":"wp","href":"https:\/\/api.w.org\/{rel}","templated":true}]}}