{"id":103876,"date":"2021-12-29T08:32:36","date_gmt":"2021-12-29T11:32:36","guid":{"rendered":"http:\/\/vinasfm.com\/noticias\/?p=103876"},"modified":"2021-12-29T09:50:03","modified_gmt":"2021-12-29T12:50:03","slug":"juani-ruiz-gano-la-liga-departamental-blitz-de-ajedrez","status":"publish","type":"post","link":"https:\/\/vinasfm.com\/noticias\/juani-ruiz-gano-la-liga-departamental-blitz-de-ajedrez\/","title":{"rendered":"JUANI RU\u00cdZ GAN\u00d3 LA LIGA DEPARTAMENTAL BLITZ DE AJEDREZ"},"content":{"rendered":"<h4><strong><span style=\"color: #000000;\">Juan Ignacio Ru\u00edz se qued\u00f3 con la Liga &#8216;Rel\u00e1mpago&#8217;, superando a Sebasti\u00e1n Garay y Sebasti\u00e1n Lieby, que completaron el Podio en la tabla anual.<\/span><\/strong><\/h4>\n<p style=\"font-weight: 400;\"><span style=\"color: #000000;\">Durante todo el a\u00f1o, sobre la plataforma lichess.org se disput\u00f3 la liga Blitz de General Alvear (3 minutos por jugador), y<strong> el joven Juan Ignacio Ru\u00edz se coron\u00f3 Campe\u00f3n Alvearense 2021. Adem\u00e1s, en esta modalidad ha conseguido grandes actuaciones imponi\u00e9ndose ante Maestros Internacionales<\/strong>, tanto en la \u201cCopa Club Banco Naci\u00f3n\u201d, como en la \u201cCopa Fara\u00f3n\u201d.<\/span><\/p>\n<p style=\"font-weight: 400;\"><span style=\"color: #000000;\"><strong>El segundo lugar fue para Sebasti\u00e1n Garay, <\/strong>dando pelea hasta las \u00faltimas instancias y culminando un muy buen a\u00f1o. <strong>Complet\u00f3 el podio Sebasti\u00e1n Lieby<\/strong>, demostrando que es un ritmo que le sienta bien.<\/span><\/p>\n<p style=\"font-weight: 400;\"><span style=\"color: #000000;\"><b><strong>Principales Posiciones Liga Blitz, disputados 18 torneos:<\/strong><\/b><\/span><\/p>\n<p style=\"font-weight: 400;\"><span style=\"color: #000000;\"><b><strong>1\u00ba\u00a0<\/strong><\/b>Juan Ignacio Ru\u00edz<b><strong>\u00a0234 Pts<\/strong><\/b><\/span><\/p>\n<p style=\"font-weight: 400;\"><span style=\"color: #000000;\"><b><strong>2\u00ba\u00a0<\/strong><\/b>Sebasti\u00e1n Garay<b><strong>\u00a0225 Pts<\/strong><\/b><\/span><\/p>\n<p style=\"font-weight: 400;\"><span style=\"color: #000000;\"><b><strong>3\u00ba\u00a0<\/strong><\/b>Sebasti\u00e1n Lieby<b><strong>\u00a0128 Pts<\/strong><\/b><\/span><\/p>\n<p style=\"font-weight: 400;\"><span style=\"color: #000000;\"><b><strong>4\u00ba\u00a0<\/strong><\/b>Juan Jos\u00e9 Rubio<b><strong>\u00a0127 Pts<\/strong><\/b><\/span><\/p>\n<p style=\"font-weight: 400;\"><span style=\"color: #000000;\"><b><strong>5\u00ba\u00a0<\/strong><\/b>Roberto Ru\u00edz<b><strong>\u00a0104 Pts<\/strong><\/b><\/span><\/p>\n<p style=\"font-weight: 400;\"><span style=\"color: #000000;\"><b><strong>6\u00ba\u00a0<\/strong><\/b>Cristian Orozco<b><strong>\u00a066 Pts<\/strong><\/b><\/span><\/p>\n<p style=\"font-weight: 400;\"><span style=\"color: #000000;\"><b><strong>7\u00ba\u00a0<\/strong><\/b>Juan<b><strong>\u00a0<\/strong><\/b>Sebasti\u00e1n Lieby<b><strong>\u00a050 Pts<\/strong><\/b><\/span><\/p>\n<p style=\"font-weight: 400;\"><span style=\"color: #000000;\"><b><strong>8\u00ba\u00a0<\/strong><\/b>Roc\u00edo Barros<b><strong>\u00a050 Pts<\/strong><\/b><\/span><\/p>\n<p style=\"font-weight: 400;\"><span style=\"color: #000000;\"><b><strong>9\u00ba\u00a0<\/strong><\/b>Mariano Garc\u00eda<b><strong>\u00a045 Pts<\/strong><\/b><\/span><\/p>\n<p style=\"font-weight: 400;\"><span style=\"color: #000000;\"><b><strong>10\u00ba\u00a0<\/strong><\/b>Santiago S\u00e1nchez<b><strong>\u00a042 Pts<\/strong><\/b><\/span><\/p>\n<p style=\"font-weight: 400;\"><span style=\"color: #000000;\"><b><strong>11\u00ba\u00a0<\/strong><\/b>Manuel Picco<b><strong>\u00a040 Pts<\/strong><\/b><\/span><\/p>\n<p style=\"font-weight: 400;\"><span style=\"color: #000000;\"><b><strong>12\u00ba\u00a0<\/strong><\/b>Daniel Freites<b><strong>\u00a038 Pts<\/strong><\/b><\/span><\/p>\n<p style=\"font-weight: 400;\"><span style=\"color: #000000;\"><b><strong>13\u00ba <\/strong><\/b>Lucas Arenas<b><strong>\u00a022 Pts<\/strong><\/b><\/span><\/p>\n<p style=\"font-weight: 400;\"><span style=\"color: #000000;\"><b><strong>14\u00ba <\/strong><\/b>Leandro De Monte<b><strong>\u00a013 Pts<\/strong><\/b><\/span><\/p>\n<p style=\"font-weight: 400;\"><span style=\"color: #000000;\"><b><strong>15\u00ba <\/strong><\/b>Enzo Balderrama<b><strong>\u00a09 Pts<\/strong><\/b><\/span><\/p>\n<p style=\"font-weight: 400;\"><span style=\"color: #000000;\"><b><strong>16\u00ba <\/strong><\/b>Mateo Salas<b><strong>\u00a08 Pts<\/strong><\/b><\/span><\/p>\n<p style=\"font-weight: 400;\"><span style=\"color: #000000;\"><b><strong>17\u00ba <\/strong><\/b>Cristian Martina<b><strong>\u00a08 Pts<\/strong><\/b><\/span><\/p>\n<p style=\"font-weight: 400;\"><span style=\"color: #000000;\"><b><strong>18\u00ba <\/strong><\/b>Camilo Lieby<b><strong>\u00a04 Pts<\/strong><\/b><\/span><\/p>\n<p style=\"font-weight: 400;\"><span style=\"color: #000000;\"><b><strong>19\u00ba <\/strong><\/b>Federico Formini<b><strong>\u00a03 Pts<\/strong><\/b><\/span><\/p>\n<p style=\"font-weight: 400;\"><span style=\"color: #000000;\"><b><strong>20\u00ba <\/strong><\/b>Agust\u00edn Cuello<b><strong>\u00a02 Pts<\/strong><\/b><\/span><\/p>\n","protected":false},"excerpt":{"rendered":"<p>Juan Ignacio Ru\u00edz se qued\u00f3 con la Liga &#8216;Rel\u00e1mpago&#8217;, superando a Sebasti\u00e1n Garay y Sebasti\u00e1n Lieby, que completaron el Podio en &#8230;<\/p>\n","protected":false},"author":7,"featured_media":68716,"comment_status":"open","ping_status":"open","sticky":false,"template":"","format":"standard","meta":{"footnotes":""},"categories":[5,3],"tags":[],"class_list":["post-103876","post","type-post","status-publish","format-standard","has-post-thumbnail","hentry","category-actualidad","category-deportes"],"_links":{"self":[{"href":"https:\/\/vinasfm.com\/noticias\/wp-json\/wp\/v2\/posts\/103876","targetHints":{"allow":["GET"]}}],"collection":[{"href":"https:\/\/vinasfm.com\/noticias\/wp-json\/wp\/v2\/posts"}],"about":[{"href":"https:\/\/vinasfm.com\/noticias\/wp-json\/wp\/v2\/types\/post"}],"author":[{"embeddable":true,"href":"https:\/\/vinasfm.com\/noticias\/wp-json\/wp\/v2\/users\/7"}],"replies":[{"embeddable":true,"href":"https:\/\/vinasfm.com\/noticias\/wp-json\/wp\/v2\/comments?post=103876"}],"version-history":[{"count":2,"href":"https:\/\/vinasfm.com\/noticias\/wp-json\/wp\/v2\/posts\/103876\/revisions"}],"predecessor-version":[{"id":103938,"href":"https:\/\/vinasfm.com\/noticias\/wp-json\/wp\/v2\/posts\/103876\/revisions\/103938"}],"wp:featuredmedia":[{"embeddable":true,"href":"https:\/\/vinasfm.com\/noticias\/wp-json\/wp\/v2\/media\/68716"}],"wp:attachment":[{"href":"https:\/\/vinasfm.com\/noticias\/wp-json\/wp\/v2\/media?parent=103876"}],"wp:term":[{"taxonomy":"category","embeddable":true,"href":"https:\/\/vinasfm.com\/noticias\/wp-json\/wp\/v2\/categories?post=103876"},{"taxonomy":"post_tag","embeddable":true,"href":"https:\/\/vinasfm.com\/noticias\/wp-json\/wp\/v2\/tags?post=103876"}],"curies":[{"name":"wp","href":"https:\/\/api.w.org\/{rel}","templated":true}]}}