{"id":103857,"date":"2021-12-28T23:59:39","date_gmt":"2021-12-29T02:59:39","guid":{"rendered":"http:\/\/vinasfm.com\/noticias\/?p=103857"},"modified":"2021-12-29T10:31:23","modified_gmt":"2021-12-29T13:31:23","slug":"como-funcionara-el-servicio-de-recoleccion-de-residuos-durante-fin-de-ano","status":"publish","type":"post","link":"https:\/\/vinasfm.com\/noticias\/como-funcionara-el-servicio-de-recoleccion-de-residuos-durante-fin-de-ano\/","title":{"rendered":"C\u00d3MO FUNCIONAR\u00c1 EL SERVICIO DE RECOLECCI\u00d3N DE RESIDUOS DURANTE FIN DE A\u00d1O"},"content":{"rendered":"<h4><span style=\"color: #000000;\"><strong>La Direcci\u00f3n de Servicios P\u00fablicos informa el cronograma de recolecci\u00f3n de residuos para el 31 de diciembre, con motivo de conmemorarse las festividades de fin de a\u00f1o.<\/strong><\/span><\/h4>\n<ul>\n<li><span style=\"color: #000000;\">El servicio de recolecci\u00f3n de residuos <strong>tipo \u201cA\u201d<\/strong> (<em>de cocina<\/em>) se prestar\u00e1 con normalidad<strong> a partir de las 13h<\/strong>. <\/span><\/li>\n<li><span style=\"color: #000000;\">El servicio de recolecci\u00f3n de residuos<strong> tipo \u201cB\u201d<\/strong> (<em>de jard\u00edn<\/em>) se prestar\u00e1 en horario <strong>de 7 a 14h<\/strong>.<\/span><\/li>\n<\/ul>\n<p><span style=\"color: #000000;\"><strong>El s\u00e1bado 1 de enero NO HABR\u00c1 Servicios de Recolecci\u00f3n de Residuos Tipo \u201cA y B\u201d<\/strong>, manteni\u00e9ndose las guardias indispensables. Los mismos <strong>ser\u00e1n restablecidos a partir del lunes 3 de enero<\/strong>, en los horarios y recorridos habituales.<\/span><\/p>\n<p><span style=\"color: #000000;\">&#8216;<strong><em>Se solicita la colaboraci\u00f3n de la poblaci\u00f3n, sacando los residuos en tiempo y forma a fin de mantener la limpieza de la Ciudad<\/em><\/strong>&#8216;, indicaron desde Servicios P\u00fablicos.<\/span><\/p>\n<h5><span style=\"color: #000000;\">\u2022F.B.<\/span><\/h5>\n","protected":false},"excerpt":{"rendered":"<p>La Direcci\u00f3n de Servicios P\u00fablicos informa el cronograma de recolecci\u00f3n de residuos para el 31 de diciembre, con motivo de conmemorarse &#8230;<\/p>\n","protected":false},"author":8,"featured_media":101389,"comment_status":"open","ping_status":"open","sticky":false,"template":"","format":"standard","meta":{"footnotes":""},"categories":[5,68],"tags":[],"class_list":["post-103857","post","type-post","status-publish","format-standard","has-post-thumbnail","hentry","category-actualidad","category-servicios"],"_links":{"self":[{"href":"https:\/\/vinasfm.com\/noticias\/wp-json\/wp\/v2\/posts\/103857","targetHints":{"allow":["GET"]}}],"collection":[{"href":"https:\/\/vinasfm.com\/noticias\/wp-json\/wp\/v2\/posts"}],"about":[{"href":"https:\/\/vinasfm.com\/noticias\/wp-json\/wp\/v2\/types\/post"}],"author":[{"embeddable":true,"href":"https:\/\/vinasfm.com\/noticias\/wp-json\/wp\/v2\/users\/8"}],"replies":[{"embeddable":true,"href":"https:\/\/vinasfm.com\/noticias\/wp-json\/wp\/v2\/comments?post=103857"}],"version-history":[{"count":1,"href":"https:\/\/vinasfm.com\/noticias\/wp-json\/wp\/v2\/posts\/103857\/revisions"}],"predecessor-version":[{"id":103860,"href":"https:\/\/vinasfm.com\/noticias\/wp-json\/wp\/v2\/posts\/103857\/revisions\/103860"}],"wp:featuredmedia":[{"embeddable":true,"href":"https:\/\/vinasfm.com\/noticias\/wp-json\/wp\/v2\/media\/101389"}],"wp:attachment":[{"href":"https:\/\/vinasfm.com\/noticias\/wp-json\/wp\/v2\/media?parent=103857"}],"wp:term":[{"taxonomy":"category","embeddable":true,"href":"https:\/\/vinasfm.com\/noticias\/wp-json\/wp\/v2\/categories?post=103857"},{"taxonomy":"post_tag","embeddable":true,"href":"https:\/\/vinasfm.com\/noticias\/wp-json\/wp\/v2\/tags?post=103857"}],"curies":[{"name":"wp","href":"https:\/\/api.w.org\/{rel}","templated":true}]}}