{"id":103842,"date":"2021-12-28T23:50:47","date_gmt":"2021-12-29T02:50:47","guid":{"rendered":"http:\/\/vinasfm.com\/noticias\/?p=103842"},"modified":"2021-12-29T10:31:12","modified_gmt":"2021-12-29T13:31:12","slug":"incendio-accidental-afecto-parte-de-una-vivienda-en-el-b-el-calden","status":"publish","type":"post","link":"https:\/\/vinasfm.com\/noticias\/incendio-accidental-afecto-parte-de-una-vivienda-en-el-b-el-calden\/","title":{"rendered":"INCENDIO ACCIDENTAL AFECT\u00d3 PARTE DE UNA VIVIENDA EN EL B\u00b0 EL CALD\u00c9N"},"content":{"rendered":"<h4><span style=\"color: #000000;\"><strong>Durante la tarde de este lunes, personal de Bomberos acudi\u00f3 a sofocar un voraz incendio que se hab\u00eda desatado en la cocina de una cochera que posee una vivienda ubicada en el barrio El Cald\u00e9n de Ciudad.<\/strong><\/span><\/h4>\n<p><span style=\"color: #000000;\">Autoridades policiales informaron a <strong><em>F.M. Vi\u00f1as<\/em><\/strong> que a las <strong>13:30hs<\/strong> un llamado al <strong>CEO <\/strong>alert\u00f3 sobre el siniestro indicando que las llamas se hab\u00eda propagado en una propiedad situada en <strong>calle Pedro Molina 1098<\/strong> por lo que <strong>una dotaci\u00f3n de Bomberos<\/strong> acudi\u00f3 al lugar junto con un <strong>cami\u00f3n hidrante de la Municipalidad<\/strong>.<\/span><\/p>\n<p><span style=\"color: #000000;\">Tras mitigar las llamas que se hab\u00edan iniciado en la cocina <strong>alcanzando la cochera y el comedor afectando electrodom\u00e9sticos, mobiliario, aberturas y cielorraso<\/strong>, los Bomberos dialogaron con la propietaria de apellido <strong>Blanco (53)<\/strong> la cual dio cuenta que <strong>se retir\u00f3 de la cochera y a los minutos observ\u00f3 una gran cantidad de humo por lo que llam\u00f3 inmediatamente al 911.<\/strong><\/span><\/p>\n<p><span style=\"color: #000000;\">Se labraron actuaciones en <strong><em>averiguaci\u00f3n incendio<\/em><\/strong> bajo instrucci\u00f3n de la <strong>Unidad Fiscal de Comisar\u00eda 14\u00b0.<\/strong><\/span><\/p>\n<h5><span style=\"color: #000000;\">\u2022F.B. (F.M. Vi\u00f1as).<\/span><\/h5>\n","protected":false},"excerpt":{"rendered":"<p>Durante la tarde de este lunes, personal de Bomberos acudi\u00f3 a sofocar un voraz incendio que se hab\u00eda desatado en la &#8230;<\/p>\n","protected":false},"author":8,"featured_media":103843,"comment_status":"open","ping_status":"open","sticky":false,"template":"","format":"standard","meta":{"footnotes":""},"categories":[5,76],"tags":[],"class_list":["post-103842","post","type-post","status-publish","format-standard","has-post-thumbnail","hentry","category-actualidad","category-bomberos"],"_links":{"self":[{"href":"https:\/\/vinasfm.com\/noticias\/wp-json\/wp\/v2\/posts\/103842","targetHints":{"allow":["GET"]}}],"collection":[{"href":"https:\/\/vinasfm.com\/noticias\/wp-json\/wp\/v2\/posts"}],"about":[{"href":"https:\/\/vinasfm.com\/noticias\/wp-json\/wp\/v2\/types\/post"}],"author":[{"embeddable":true,"href":"https:\/\/vinasfm.com\/noticias\/wp-json\/wp\/v2\/users\/8"}],"replies":[{"embeddable":true,"href":"https:\/\/vinasfm.com\/noticias\/wp-json\/wp\/v2\/comments?post=103842"}],"version-history":[{"count":2,"href":"https:\/\/vinasfm.com\/noticias\/wp-json\/wp\/v2\/posts\/103842\/revisions"}],"predecessor-version":[{"id":103847,"href":"https:\/\/vinasfm.com\/noticias\/wp-json\/wp\/v2\/posts\/103842\/revisions\/103847"}],"wp:featuredmedia":[{"embeddable":true,"href":"https:\/\/vinasfm.com\/noticias\/wp-json\/wp\/v2\/media\/103843"}],"wp:attachment":[{"href":"https:\/\/vinasfm.com\/noticias\/wp-json\/wp\/v2\/media?parent=103842"}],"wp:term":[{"taxonomy":"category","embeddable":true,"href":"https:\/\/vinasfm.com\/noticias\/wp-json\/wp\/v2\/categories?post=103842"},{"taxonomy":"post_tag","embeddable":true,"href":"https:\/\/vinasfm.com\/noticias\/wp-json\/wp\/v2\/tags?post=103842"}],"curies":[{"name":"wp","href":"https:\/\/api.w.org\/{rel}","templated":true}]}}