{"id":103839,"date":"2021-12-28T08:00:24","date_gmt":"2021-12-28T11:00:24","guid":{"rendered":"http:\/\/vinasfm.com\/noticias\/?p=103839"},"modified":"2021-12-29T10:30:53","modified_gmt":"2021-12-29T13:30:53","slug":"positiva-campana-de-prevencion-y-control-en-alvear-durante-el-ultimo-fin-de-semana","status":"publish","type":"post","link":"https:\/\/vinasfm.com\/noticias\/positiva-campana-de-prevencion-y-control-en-alvear-durante-el-ultimo-fin-de-semana\/","title":{"rendered":"POSITIVA CAMPA\u00d1A DE PREVENCI\u00d3N Y CONTROL EN ALVEAR DURANTE EL \u00daLTIMO FIN DE SEMANA"},"content":{"rendered":"<h4><span style=\"color: #000000;\"><strong>En el marco de la primera de las fiestas de fin de a\u00f1o se llev\u00f3 a cabo, como se hab\u00eda previsto, el operativo de control integral en distintos puntos de del departamento a cargo de Inspecci\u00f3n General, Polic\u00eda de Transito Municipal, personal de Polic\u00eda de Mendoza, Diversi\u00f3n Nocturna y \u00e1reas del Municipio.<\/strong><\/span><\/h4>\n<div id=\"attachment_85575\" style=\"width: 256px\" class=\"wp-caption alignleft\"><a style=\"color: #000000;\" href=\"http:\/\/vinasfm.com\/noticias\/wp-content\/uploads\/2021\/03\/Marcela-Juri.jpg\"><img loading=\"lazy\" decoding=\"async\" aria-describedby=\"caption-attachment-85575\" class=\" wp-image-85575\" src=\"http:\/\/vinasfm.com\/noticias\/wp-content\/uploads\/2021\/03\/Marcela-Juri.jpg\" alt=\"\" width=\"256\" height=\"170\" srcset=\"https:\/\/vinasfm.com\/noticias\/wp-content\/uploads\/2021\/03\/Marcela-Juri.jpg 1280w, https:\/\/vinasfm.com\/noticias\/wp-content\/uploads\/2021\/03\/Marcela-Juri-300x200.jpg 300w, https:\/\/vinasfm.com\/noticias\/wp-content\/uploads\/2021\/03\/Marcela-Juri-1024x682.jpg 1024w, https:\/\/vinasfm.com\/noticias\/wp-content\/uploads\/2021\/03\/Marcela-Juri-768x512.jpg 768w\" sizes=\"auto, (max-width: 256px) 100vw, 256px\" \/><\/a><p id=\"caption-attachment-85575\" class=\"wp-caption-text\"><span style=\"color: #000000;\">Marcela Juri, Directora de Inspecci\u00f3n General.<\/span><\/p><\/div>\n<p><span style=\"color: #000000;\">En lo que respecta a las tareas de prevenci\u00f3n realizadas por la <strong>Direcci\u00f3n de Inspecci\u00f3n General<\/strong>, <strong>Marcela Juri evalu\u00f3 como positivo el comportamiento de la ciudadan\u00eda<\/strong> ya que no se reportaron heridos por pirot\u00e9cnica ni accidentes de tr\u00e1nsito ocasionados por conductores alcoholizados: &#8216;<strong><em>Tanto el viernes como el s\u00e1bado se realizaron controles y quiero destacar que en los centros de diversi\u00f3n nocturna no excedieron la capacidad ni hubo detenidos por alcoholemia positiva por lo que esperamos que para el 31 sea similar<\/em><\/strong>&#8216;, detall\u00f3 el di\u00e1logo con <em>F.M. Vi\u00f1as<\/em>.<\/span><\/p>\n<p><span style=\"color: #000000;\">Consultada si para el pr\u00f3ximo fin de semana la modalidad de los operativos ser\u00e1n similares, la funcionaria asegur\u00f3 que &#8216;<strong><em>se respetar\u00e1 el mismo modo de trabajo con la misma cantidad de personal abocados en dos grupos divididos en dos horarios<\/em><\/strong>&#8216;, y en la misma l\u00ednea subray\u00f3 que<strong> los propietarios de locales nocturnos han recepcionado los controles con total disposici\u00f3n<\/strong>.<\/span><\/p>\n<p><span style=\"color: #000000;\">Asimismo, reiter\u00f3 el pedido a los vecinos sobre el no uso de pirotecnia en el marco de las fiestas puesto que &#8216;<strong><em>esto afecta a personas que padecen autismo y a los animales por lo que es importante que seamos responsables en este sentido<\/em><\/strong>&#8216;.<\/span><\/p>\n<div id=\"attachment_103848\" style=\"width: 275px\" class=\"wp-caption alignright\"><a style=\"color: #000000;\" href=\"http:\/\/vinasfm.com\/noticias\/wp-content\/uploads\/2021\/12\/adicciones.jpg\"><img loading=\"lazy\" decoding=\"async\" aria-describedby=\"caption-attachment-103848\" class=\"wp-image-103848\" src=\"http:\/\/vinasfm.com\/noticias\/wp-content\/uploads\/2021\/12\/adicciones.jpg\" alt=\"\" width=\"275\" height=\"170\" srcset=\"https:\/\/vinasfm.com\/noticias\/wp-content\/uploads\/2021\/12\/adicciones.jpg 800w, https:\/\/vinasfm.com\/noticias\/wp-content\/uploads\/2021\/12\/adicciones-300x186.jpg 300w, https:\/\/vinasfm.com\/noticias\/wp-content\/uploads\/2021\/12\/adicciones-768x476.jpg 768w\" sizes=\"auto, (max-width: 275px) 100vw, 275px\" \/><\/a><p id=\"caption-attachment-103848\" class=\"wp-caption-text\">Rogelio Guerrera.<\/p><\/div>\n<p><span style=\"color: #000000;\">Por otra parte, el <strong>Coordinador del \u00c1rea de Prevenci\u00f3n de Adicciones Rogelio Guerrera\u00a0<\/strong>evalu\u00f3 como positivo el trabajo realizado: &#8216;<strong><em>Se ha salido a hacer controles a los comercios y tambi\u00e9n ha invitar a no vender bebidas alcoh\u00f3licas a los menores y fuera de horario<\/em><\/strong>&#8216;, expres\u00f3, y en este sentido se\u00f1al\u00f3 que &#8216;<strong><em>se trabaj\u00f3 en el centro dejado las calcos de la campa\u00f1a y despu\u00e9s hemos salido distintos d\u00edas hacer controles con la polic\u00eda y con la polic\u00eda municipal<\/em><\/strong>&#8216;<\/span><\/p>\n<p><span style=\"color: #000000;\">Respecto a accidentolog\u00eda celebr\u00f3: &#8216;<strong><em>Por otro a\u00f1o m\u00e1s en la noche de la fiestas no hemos tenido accidentolog\u00eda producto de conductores alcoholizados, ni hemos tenido controles positivos<\/em><\/strong>&#8216;. Finalmente insisti\u00f3 que durante el pr\u00f3ximo fin de semana van a &#8216;<strong><em>redoblar la postura<\/em><\/strong>&#8216; y pidi\u00f3 a todos &#8216;<strong><em>que se cuiden mucho y no beba si van a conducir<\/em><\/strong>&#8216;.<\/span><\/p>\n<h5><span style=\"color: #000000;\">\u2022F.B.<\/span><\/h5>\n","protected":false},"excerpt":{"rendered":"<p>En el marco de la primera de las fiestas de fin de a\u00f1o se llev\u00f3 a cabo, como se hab\u00eda previsto, &#8230;<\/p>\n","protected":false},"author":8,"featured_media":55631,"comment_status":"open","ping_status":"open","sticky":false,"template":"","format":"standard","meta":{"footnotes":""},"categories":[5,10],"tags":[],"class_list":["post-103839","post","type-post","status-publish","format-standard","has-post-thumbnail","hentry","category-actualidad","category-destacadas"],"_links":{"self":[{"href":"https:\/\/vinasfm.com\/noticias\/wp-json\/wp\/v2\/posts\/103839","targetHints":{"allow":["GET"]}}],"collection":[{"href":"https:\/\/vinasfm.com\/noticias\/wp-json\/wp\/v2\/posts"}],"about":[{"href":"https:\/\/vinasfm.com\/noticias\/wp-json\/wp\/v2\/types\/post"}],"author":[{"embeddable":true,"href":"https:\/\/vinasfm.com\/noticias\/wp-json\/wp\/v2\/users\/8"}],"replies":[{"embeddable":true,"href":"https:\/\/vinasfm.com\/noticias\/wp-json\/wp\/v2\/comments?post=103839"}],"version-history":[{"count":6,"href":"https:\/\/vinasfm.com\/noticias\/wp-json\/wp\/v2\/posts\/103839\/revisions"}],"predecessor-version":[{"id":103909,"href":"https:\/\/vinasfm.com\/noticias\/wp-json\/wp\/v2\/posts\/103839\/revisions\/103909"}],"wp:featuredmedia":[{"embeddable":true,"href":"https:\/\/vinasfm.com\/noticias\/wp-json\/wp\/v2\/media\/55631"}],"wp:attachment":[{"href":"https:\/\/vinasfm.com\/noticias\/wp-json\/wp\/v2\/media?parent=103839"}],"wp:term":[{"taxonomy":"category","embeddable":true,"href":"https:\/\/vinasfm.com\/noticias\/wp-json\/wp\/v2\/categories?post=103839"},{"taxonomy":"post_tag","embeddable":true,"href":"https:\/\/vinasfm.com\/noticias\/wp-json\/wp\/v2\/tags?post=103839"}],"curies":[{"name":"wp","href":"https:\/\/api.w.org\/{rel}","templated":true}]}}