{"id":103830,"date":"2021-12-28T07:45:17","date_gmt":"2021-12-28T10:45:17","guid":{"rendered":"http:\/\/vinasfm.com\/noticias\/?p=103830"},"modified":"2021-12-29T10:30:49","modified_gmt":"2021-12-29T13:30:49","slug":"los-beneficiarios-de-la-pension-malvinas-deberan-acreditar-la-supervivencia-de-forma-presencial","status":"publish","type":"post","link":"https:\/\/vinasfm.com\/noticias\/los-beneficiarios-de-la-pension-malvinas-deberan-acreditar-la-supervivencia-de-forma-presencial\/","title":{"rendered":"LOS BENEFICIARIOS DE LA PENSI\u00d3N MALVINAS DEBER\u00c1N ACREDITAR LA SUPERVIVENCIA DE FORMA PRESENCIAL"},"content":{"rendered":"<h4><span style=\"color: #000000;\"><strong>El Gobierno de Mendoza recuerda a los beneficiarios de la Pensi\u00f3n Malvinas Argentinas que deber\u00e1n acreditar la supervivencia del 2 al 20 de enero de 2022<\/strong>. <\/span><\/h4>\n<p><span style=\"color: #000000;\">Para esto, se dispuso que el tr\u00e1mite se realice con turno previo al <strong>servicio 148\u00a0<\/strong>(<\/span><strong><a href=\"https:\/\/turnosventanillaunica.mendoza.gov.ar\/vub\/vistas\/turnosWeb\/turnoswebVU.zul\">Turnos para atenci\u00f3n presencial<\/a><\/strong><span style=\"color: #000000;\">), para <strong>Ventanilla \u00danica de Atenci\u00f3n Ciudadana<\/strong>, ubicada en planta baja, ala Oeste, Casa de Gobierno.<\/span><\/p>\n<p><span style=\"color: #000000;\">Tambi\u00e9n est\u00e1n habilitadas las <strong>oficinas cabeceras del Registro Civil de la zona Sur<\/strong> (<\/span><strong style=\"color: #000000;\">General Alvear\u00a0<\/strong><span style=\"color: #000000;\">y <\/span><span style=\"color: #000000;\">San Rafael), donde podr\u00e1n tramitar esta \u201c<strong><em>fe de vida<\/em><\/strong>\u201d y obtener as\u00ed una constancia que deber\u00e1 ser enviada por el beneficiario al siguiente correo electr\u00f3nico:<\/span>\u00a0<a href=\"mailto:jruival@mendoza.gov.ar\" target=\"_blank\" rel=\"noreferrer noopener\">jruival@mendoza.gov.ar<\/a><\/p>\n<p><span style=\"color: #000000;\">Esta misma cuenta de correo <strong>puede ser utilizada por aquellos beneficiarios que residan fuera de la provincia de Mendoza<\/strong> y necesiten tramitar la supervivencia. Para m\u00e1s informaci\u00f3n, los interesados pueden comunicarse de <strong>8 a 13<\/strong> al <strong>0261 3852230.<\/strong><\/span><\/p>\n","protected":false},"excerpt":{"rendered":"<p>El Gobierno de Mendoza recuerda a los beneficiarios de la Pensi\u00f3n Malvinas Argentinas que deber\u00e1n acreditar la supervivencia del 2 al &#8230;<\/p>\n","protected":false},"author":8,"featured_media":50422,"comment_status":"open","ping_status":"open","sticky":false,"template":"","format":"standard","meta":{"footnotes":""},"categories":[5,10],"tags":[],"class_list":["post-103830","post","type-post","status-publish","format-standard","has-post-thumbnail","hentry","category-actualidad","category-destacadas"],"_links":{"self":[{"href":"https:\/\/vinasfm.com\/noticias\/wp-json\/wp\/v2\/posts\/103830","targetHints":{"allow":["GET"]}}],"collection":[{"href":"https:\/\/vinasfm.com\/noticias\/wp-json\/wp\/v2\/posts"}],"about":[{"href":"https:\/\/vinasfm.com\/noticias\/wp-json\/wp\/v2\/types\/post"}],"author":[{"embeddable":true,"href":"https:\/\/vinasfm.com\/noticias\/wp-json\/wp\/v2\/users\/8"}],"replies":[{"embeddable":true,"href":"https:\/\/vinasfm.com\/noticias\/wp-json\/wp\/v2\/comments?post=103830"}],"version-history":[{"count":1,"href":"https:\/\/vinasfm.com\/noticias\/wp-json\/wp\/v2\/posts\/103830\/revisions"}],"predecessor-version":[{"id":103832,"href":"https:\/\/vinasfm.com\/noticias\/wp-json\/wp\/v2\/posts\/103830\/revisions\/103832"}],"wp:featuredmedia":[{"embeddable":true,"href":"https:\/\/vinasfm.com\/noticias\/wp-json\/wp\/v2\/media\/50422"}],"wp:attachment":[{"href":"https:\/\/vinasfm.com\/noticias\/wp-json\/wp\/v2\/media?parent=103830"}],"wp:term":[{"taxonomy":"category","embeddable":true,"href":"https:\/\/vinasfm.com\/noticias\/wp-json\/wp\/v2\/categories?post=103830"},{"taxonomy":"post_tag","embeddable":true,"href":"https:\/\/vinasfm.com\/noticias\/wp-json\/wp\/v2\/tags?post=103830"}],"curies":[{"name":"wp","href":"https:\/\/api.w.org\/{rel}","templated":true}]}}