{"id":103817,"date":"2021-12-27T00:01:13","date_gmt":"2021-12-27T03:01:13","guid":{"rendered":"http:\/\/vinasfm.com\/noticias\/?p=103817"},"modified":"2021-12-27T21:11:48","modified_gmt":"2021-12-28T00:11:48","slug":"navidad-2021-se-registraron-9-heridos-por-pirotecnia-en-toda-la-provincia","status":"publish","type":"post","link":"https:\/\/vinasfm.com\/noticias\/navidad-2021-se-registraron-9-heridos-por-pirotecnia-en-toda-la-provincia\/","title":{"rendered":"NAVIDAD 2021: SE REGISTRARON 9 HERIDOS POR PIROTECNIA EN TODA LA PROVINCIA"},"content":{"rendered":"<h4><span style=\"color: #000000;\"><strong>Es el informe que brindan los hospitales p\u00fablicos en la ma\u00f1ana del 25. El Gobierno provincial realiz\u00f3 una importante campa\u00f1a contra el uso de pirotecnia.<\/strong><\/span><\/h4>\n<p><span style=\"color: #000000;\">Seg\u00fan el relevamiento realizado en los hospitales p\u00fablicos de Mendoza, tomando el rango del 24\/12 a las 7 hasta el 25\/12 a las 7, solo se registraron 9 heridos por quemaduras producto del uso de pirotecnia.<\/span><\/p>\n<h4><span style=\"color: #000000;\"><strong>Detalle de los heridos<\/strong><\/span><\/h4>\n<ul>\n<li><span style=\"color: #000000;\">Pirotecnia: 9 casos.<\/span><\/li>\n<li><span style=\"color: #000000;\">Heridos con arma de fuego: no se registraron casos.<\/span><\/li>\n<li><span style=\"color: #000000;\">Heridos con arma blanca: 17 casos.<\/span><\/li>\n<li><span style=\"color: #000000;\">Accidentes dom\u00e9sticos: 18 casos.<\/span><\/li>\n<li><span style=\"color: #000000;\">Accidentes viales: 46 casos.<\/span><\/li>\n<li><span style=\"color: #000000;\">Ri\u00f1as callejeras: 17 casos.<\/span><\/li>\n<\/ul>\n<h4><span style=\"color: #000000;\"><strong>Datos de los \u00faltimos a\u00f1os<\/strong><\/span><\/h4>\n<p><span style=\"color: #000000;\">Si observamos la estad\u00edstica a\u00f1o a a\u00f1o, se puede decir que en los accidentes con pirotecnia se registr\u00f3 una tendencia en baja hasta el a\u00f1o pasado, mientras que en esta Navidad de 2021 aumentaron los casos registrados en los hospitales de la provincia.<\/span><\/p>\n<p><span style=\"color: #000000;\">En 2012 fueron 23; en 2013, 28; en 2014, 37, y en 2015, 12 ; en 2016, 19; en 2017, 14; en 2018,\u00a0 7; en 2019 fueron 4, en 2020 fueron 2.<\/span><\/p>\n<h4><span style=\"color: #000000;\"><strong>#NoALaPirotecnia<\/strong><\/span><\/h4>\n<p><span style=\"color: #000000;\">El Gobierno de Mendoza lanz\u00f3 durante las \u00faltimas semanas una campa\u00f1a informativa sobre los m\u00faltiples da\u00f1os que el uso de sustancias explosivas y de fuegos de artificio produce en las personas y en los animales.<\/span><\/p>\n<p><span style=\"color: #000000;\">La campa\u00f1a se difundi\u00f3 en redes sociales, donde se transmiti\u00f3 el siguiente mensaje: \u201c<strong><em>Que suene fuerte el brindis; que el espect\u00e1culo sea el reencuentro; que exploten las risas pero no la pirotecnia<\/em><\/strong>\u201d, con el\u00a0<em>hashtag\u00a0<\/em>#NoALaPirotecnia.<\/span><\/p>\n<p><span style=\"color: #000000;\">Adem\u00e1s, en los posteos se record\u00f3 a la poblaci\u00f3n que el C\u00f3digo de Contravenciones de la Provincia de Mendoza expresamente proh\u00edbe la venta, distribuci\u00f3n, portaci\u00f3n o uso de pirotecnia.<\/span><\/p>\n","protected":false},"excerpt":{"rendered":"<p>Es el informe que brindan los hospitales p\u00fablicos en la ma\u00f1ana del 25. El Gobierno provincial realiz\u00f3 una importante campa\u00f1a contra &#8230;<\/p>\n","protected":false},"author":8,"featured_media":63557,"comment_status":"open","ping_status":"open","sticky":false,"template":"","format":"standard","meta":{"footnotes":""},"categories":[5,10],"tags":[],"class_list":["post-103817","post","type-post","status-publish","format-standard","has-post-thumbnail","hentry","category-actualidad","category-destacadas"],"_links":{"self":[{"href":"https:\/\/vinasfm.com\/noticias\/wp-json\/wp\/v2\/posts\/103817","targetHints":{"allow":["GET"]}}],"collection":[{"href":"https:\/\/vinasfm.com\/noticias\/wp-json\/wp\/v2\/posts"}],"about":[{"href":"https:\/\/vinasfm.com\/noticias\/wp-json\/wp\/v2\/types\/post"}],"author":[{"embeddable":true,"href":"https:\/\/vinasfm.com\/noticias\/wp-json\/wp\/v2\/users\/8"}],"replies":[{"embeddable":true,"href":"https:\/\/vinasfm.com\/noticias\/wp-json\/wp\/v2\/comments?post=103817"}],"version-history":[{"count":2,"href":"https:\/\/vinasfm.com\/noticias\/wp-json\/wp\/v2\/posts\/103817\/revisions"}],"predecessor-version":[{"id":103820,"href":"https:\/\/vinasfm.com\/noticias\/wp-json\/wp\/v2\/posts\/103817\/revisions\/103820"}],"wp:featuredmedia":[{"embeddable":true,"href":"https:\/\/vinasfm.com\/noticias\/wp-json\/wp\/v2\/media\/63557"}],"wp:attachment":[{"href":"https:\/\/vinasfm.com\/noticias\/wp-json\/wp\/v2\/media?parent=103817"}],"wp:term":[{"taxonomy":"category","embeddable":true,"href":"https:\/\/vinasfm.com\/noticias\/wp-json\/wp\/v2\/categories?post=103817"},{"taxonomy":"post_tag","embeddable":true,"href":"https:\/\/vinasfm.com\/noticias\/wp-json\/wp\/v2\/tags?post=103817"}],"curies":[{"name":"wp","href":"https:\/\/api.w.org\/{rel}","templated":true}]}}