{"id":103797,"date":"2021-12-27T09:45:17","date_gmt":"2021-12-27T12:45:17","guid":{"rendered":"http:\/\/vinasfm.com\/noticias\/?p=103797"},"modified":"2021-12-27T10:35:21","modified_gmt":"2021-12-27T13:35:21","slug":"una-conductora-sufrio-fracturas-en-el-hombro-derecho-y-la-pierna-diestra-por-un-accidente-en-moto","status":"publish","type":"post","link":"https:\/\/vinasfm.com\/noticias\/una-conductora-sufrio-fracturas-en-el-hombro-derecho-y-la-pierna-diestra-por-un-accidente-en-moto\/","title":{"rendered":"MOTOCICLISTA SUFRI\u00d3 M\u00daLTIPLES FRACTURAS TRAS IMPACTAR CONTRA UNA VALLA DE CONTENCI\u00d3N"},"content":{"rendered":"<h4><span style=\"color: #000000;\">Una mujer de 61 a\u00f1os sufri\u00f3 dos fracturas tras colisionar contra una valla de cierre de tr\u00e1nsito en Avenida Alvear Oeste y 26 de julio. La conductora fue trasladad al nosocomio local y qued\u00f3 en Observaciones producto de las lesiones.<\/span><\/h4>\n<p><span style=\"color: #000000;\"><strong>Este domingo entre las 0 hs y 1 de la madrugada, una conductora que circulaba en una motocicleta 110 cc impact\u00f3 contra una valla en<\/strong> <strong>la intersecci\u00f3n de Avenida Alvear Oest y 26 de julio<\/strong>, colocada por el cierre de tr\u00e1nsito con motivo de la Peatonal del Arte y El Vino. <strong>La mujer de 61 a\u00f1os result\u00f3 lesionado y fue trasladada en ambulancia al Hospital Enfermeros Argentinos<\/strong>.<\/span><\/p>\n<p><span style=\"color: #000000;\">En el nosocomio local <strong>le diagnosticaron fractura de hombro derecho y fractura expuesta de tibia en la pierna derecha, por lo que qued\u00f3 en Observaciones<\/strong>. Con la intervenci\u00f3n de personal de Comisar\u00eda 14 y Polic\u00eda Vial en el lugar de los hechos, se corrobor\u00f3 que no hubo m\u00e1s implicados en el siniestro vial.<\/span><\/p>\n<p><span style=\"color: #000000;\"><strong>\u2022L.A.<\/strong><\/span><\/p>\n","protected":false},"excerpt":{"rendered":"<p>Una mujer de 61 a\u00f1os sufri\u00f3 dos fracturas tras colisionar contra una valla de cierre de tr\u00e1nsito en Avenida Alvear Oeste &#8230;<\/p>\n","protected":false},"author":7,"featured_media":25905,"comment_status":"open","ping_status":"open","sticky":false,"template":"","format":"standard","meta":{"footnotes":""},"categories":[5,4],"tags":[],"class_list":["post-103797","post","type-post","status-publish","format-standard","has-post-thumbnail","hentry","category-actualidad","category-policiales"],"_links":{"self":[{"href":"https:\/\/vinasfm.com\/noticias\/wp-json\/wp\/v2\/posts\/103797","targetHints":{"allow":["GET"]}}],"collection":[{"href":"https:\/\/vinasfm.com\/noticias\/wp-json\/wp\/v2\/posts"}],"about":[{"href":"https:\/\/vinasfm.com\/noticias\/wp-json\/wp\/v2\/types\/post"}],"author":[{"embeddable":true,"href":"https:\/\/vinasfm.com\/noticias\/wp-json\/wp\/v2\/users\/7"}],"replies":[{"embeddable":true,"href":"https:\/\/vinasfm.com\/noticias\/wp-json\/wp\/v2\/comments?post=103797"}],"version-history":[{"count":4,"href":"https:\/\/vinasfm.com\/noticias\/wp-json\/wp\/v2\/posts\/103797\/revisions"}],"predecessor-version":[{"id":103806,"href":"https:\/\/vinasfm.com\/noticias\/wp-json\/wp\/v2\/posts\/103797\/revisions\/103806"}],"wp:featuredmedia":[{"embeddable":true,"href":"https:\/\/vinasfm.com\/noticias\/wp-json\/wp\/v2\/media\/25905"}],"wp:attachment":[{"href":"https:\/\/vinasfm.com\/noticias\/wp-json\/wp\/v2\/media?parent=103797"}],"wp:term":[{"taxonomy":"category","embeddable":true,"href":"https:\/\/vinasfm.com\/noticias\/wp-json\/wp\/v2\/categories?post=103797"},{"taxonomy":"post_tag","embeddable":true,"href":"https:\/\/vinasfm.com\/noticias\/wp-json\/wp\/v2\/tags?post=103797"}],"curies":[{"name":"wp","href":"https:\/\/api.w.org\/{rel}","templated":true}]}}