{"id":103781,"date":"2021-12-27T09:03:32","date_gmt":"2021-12-27T12:03:32","guid":{"rendered":"http:\/\/vinasfm.com\/noticias\/?p=103781"},"modified":"2021-12-27T10:35:30","modified_gmt":"2021-12-27T13:35:30","slug":"vuelco-en-ruta-146-una-mujer-esta-grave-en-el-hospital-schestakow","status":"publish","type":"post","link":"https:\/\/vinasfm.com\/noticias\/vuelco-en-ruta-146-una-mujer-esta-grave-en-el-hospital-schestakow\/","title":{"rendered":"VUELCO EN RUTA 146: UNA MUJER EST\u00c1 GRAVE EN EL HOSPITAL SCHESTAKOW"},"content":{"rendered":"<h4><strong><span style=\"color: #000000;\">El pasado viernes en la ma\u00f1ana una mujer de 53 a\u00f1os\u00a0 sufri\u00f3 un traumatismo enc\u00e9falo craneano con p\u00e9rdida de conocimiento y est\u00e1 internada en el Hospital Schestakow producto de un vuelco en su veh\u00edculo en la Ruta 146, a 30 kil\u00f3metros de Monte Com\u00e1n.<\/span><\/strong><\/h4>\n<p><span style=\"color: #000000;\"><strong>Un mujer de apellido Sosa (53) se encuentra internada en terapia intensiva del Hospital Schestakow producto de las heridas que sufri\u00f3 al volcar su veh\u00edculo en Ruta 146<\/strong>, a 30 km de Monte Com\u00e1n. <\/span><span style=\"color: #000000;\">Al ser asistida en el Servicio Coordinado de Emergencia y trasladada al Hospital Schestakow le diagnosticaron<strong> traumatismo enc\u00e9falo craneano con p\u00e9rdida de conocimiento<\/strong>.<\/span><\/p>\n<p><span style=\"color: #000000;\">El siniestro vial <strong>se produjo a las 9:30hs de este viernes 25 de diciembre cuando la mujer viajaba a San Luis a bordo de un Peugeot 2008<\/strong>. <\/span><span style=\"color: #000000;\">Las causas del accidente en el que la conductora perdi\u00f3 el dominio del rodado se desconocen y <strong>se labran las actuaciones en\u00a0<i>averiguaci\u00f3n lesiones culposas,<\/i> lo instruye la Oficina Fiscal de Comisar\u00eda 64\u00b0<\/strong>.<\/span><\/p>\n<p><strong><span style=\"color: #000000;\">\u2022L.A.<\/span><\/strong><\/p>\n","protected":false},"excerpt":{"rendered":"<p>El pasado viernes en la ma\u00f1ana una mujer de 53 a\u00f1os\u00a0 sufri\u00f3 un traumatismo enc\u00e9falo craneano con p\u00e9rdida de conocimiento y &#8230;<\/p>\n","protected":false},"author":8,"featured_media":103789,"comment_status":"open","ping_status":"open","sticky":false,"template":"","format":"standard","meta":{"footnotes":""},"categories":[5,4],"tags":[],"class_list":["post-103781","post","type-post","status-publish","format-standard","has-post-thumbnail","hentry","category-actualidad","category-policiales"],"_links":{"self":[{"href":"https:\/\/vinasfm.com\/noticias\/wp-json\/wp\/v2\/posts\/103781","targetHints":{"allow":["GET"]}}],"collection":[{"href":"https:\/\/vinasfm.com\/noticias\/wp-json\/wp\/v2\/posts"}],"about":[{"href":"https:\/\/vinasfm.com\/noticias\/wp-json\/wp\/v2\/types\/post"}],"author":[{"embeddable":true,"href":"https:\/\/vinasfm.com\/noticias\/wp-json\/wp\/v2\/users\/8"}],"replies":[{"embeddable":true,"href":"https:\/\/vinasfm.com\/noticias\/wp-json\/wp\/v2\/comments?post=103781"}],"version-history":[{"count":5,"href":"https:\/\/vinasfm.com\/noticias\/wp-json\/wp\/v2\/posts\/103781\/revisions"}],"predecessor-version":[{"id":103795,"href":"https:\/\/vinasfm.com\/noticias\/wp-json\/wp\/v2\/posts\/103781\/revisions\/103795"}],"wp:featuredmedia":[{"embeddable":true,"href":"https:\/\/vinasfm.com\/noticias\/wp-json\/wp\/v2\/media\/103789"}],"wp:attachment":[{"href":"https:\/\/vinasfm.com\/noticias\/wp-json\/wp\/v2\/media?parent=103781"}],"wp:term":[{"taxonomy":"category","embeddable":true,"href":"https:\/\/vinasfm.com\/noticias\/wp-json\/wp\/v2\/categories?post=103781"},{"taxonomy":"post_tag","embeddable":true,"href":"https:\/\/vinasfm.com\/noticias\/wp-json\/wp\/v2\/tags?post=103781"}],"curies":[{"name":"wp","href":"https:\/\/api.w.org\/{rel}","templated":true}]}}