{"id":103730,"date":"2021-12-24T10:28:21","date_gmt":"2021-12-24T13:28:21","guid":{"rendered":"http:\/\/vinasfm.com\/noticias\/?p=103730"},"modified":"2021-12-24T21:02:27","modified_gmt":"2021-12-25T00:02:27","slug":"como-se-desarrollaran-los-controles-durante-nochebuena-y-navidad","status":"publish","type":"post","link":"https:\/\/vinasfm.com\/noticias\/como-se-desarrollaran-los-controles-durante-nochebuena-y-navidad\/","title":{"rendered":"INSPECCI\u00d3N GENERAL DIO DETALLES DEL OPERATIVO INTEGRAL PARA LAS FIESTAS"},"content":{"rendered":"<h4><strong><span style=\"color: #000000;\">En el marco de los festejos de Nochebuena y Navidad, Marcela Juri dio detalles sobre c\u00f3mo se llevar\u00e1n a cabo los operativos de control en los comercios y locales habilitados para eventos sociales durante esta noche y la madrugada del d\u00eda 25, en coordinaci\u00f3n con efectivos policiales para evitar siniestros viales y otros incidentes en la v\u00eda p\u00fablica.<\/span><\/strong><\/h4>\n<p><span style=\"color: #000000;\">En di\u00e1logo con <strong>F.M VI\u00d1AS Marcela Juri Directora de Inspecci\u00f3n General<\/strong>: <em><strong>&#8216;Desde el lunes estamos haciendo controles de la venta de alcohol en los negocios de General Alvear y distritos, la venta de alcohol a menores de 18 a\u00f1os y despu\u00e9s de las 00hs no se puede vender alcohol en kioscos, despensas, no se puede vender donde uno no puede consumir&#8217;<\/strong><\/em>.<\/span><\/p>\n<p><span style=\"color: #000000;\">En los locales comerciales, gastron\u00f3micos, el aforo sigue siendo el mismo que estaba establecido, <strong><em>&#8216;el personal debe usar barbijo, el alcohol tiene que estar a disposici\u00f3n en el comercio, el aforo en locales gastron\u00f3micos es del 70%, en discotecas el 50% y en domicilio personales no hay l\u00edmites de personas&#8217;,<\/em><\/strong> resalt\u00f3 sobre las medidas.<\/span><\/p>\n<p><span style=\"color: #000000;\">Por otra parte, cabe destacar que <strong>la Polic\u00eda Vial de la Provincia, Polic\u00eda Municipal y de parte del \u00c1rea de Prevenci\u00f3n de Adicciones, estar\u00e1 Rogelio Guerrero acompa\u00f1ando<\/strong>.<\/span><\/p>\n<p><span style=\"color: #000000;\"><strong>\u2022C.F.<\/strong><\/span><\/p>\n","protected":false},"excerpt":{"rendered":"<p>En el marco de los festejos de Nochebuena y Navidad, Marcela Juri dio detalles sobre c\u00f3mo se llevar\u00e1n a cabo los &#8230;<\/p>\n","protected":false},"author":7,"featured_media":27252,"comment_status":"open","ping_status":"open","sticky":false,"template":"","format":"standard","meta":{"footnotes":""},"categories":[5,10],"tags":[],"class_list":["post-103730","post","type-post","status-publish","format-standard","has-post-thumbnail","hentry","category-actualidad","category-destacadas"],"_links":{"self":[{"href":"https:\/\/vinasfm.com\/noticias\/wp-json\/wp\/v2\/posts\/103730","targetHints":{"allow":["GET"]}}],"collection":[{"href":"https:\/\/vinasfm.com\/noticias\/wp-json\/wp\/v2\/posts"}],"about":[{"href":"https:\/\/vinasfm.com\/noticias\/wp-json\/wp\/v2\/types\/post"}],"author":[{"embeddable":true,"href":"https:\/\/vinasfm.com\/noticias\/wp-json\/wp\/v2\/users\/7"}],"replies":[{"embeddable":true,"href":"https:\/\/vinasfm.com\/noticias\/wp-json\/wp\/v2\/comments?post=103730"}],"version-history":[{"count":5,"href":"https:\/\/vinasfm.com\/noticias\/wp-json\/wp\/v2\/posts\/103730\/revisions"}],"predecessor-version":[{"id":103744,"href":"https:\/\/vinasfm.com\/noticias\/wp-json\/wp\/v2\/posts\/103730\/revisions\/103744"}],"wp:featuredmedia":[{"embeddable":true,"href":"https:\/\/vinasfm.com\/noticias\/wp-json\/wp\/v2\/media\/27252"}],"wp:attachment":[{"href":"https:\/\/vinasfm.com\/noticias\/wp-json\/wp\/v2\/media?parent=103730"}],"wp:term":[{"taxonomy":"category","embeddable":true,"href":"https:\/\/vinasfm.com\/noticias\/wp-json\/wp\/v2\/categories?post=103730"},{"taxonomy":"post_tag","embeddable":true,"href":"https:\/\/vinasfm.com\/noticias\/wp-json\/wp\/v2\/tags?post=103730"}],"curies":[{"name":"wp","href":"https:\/\/api.w.org\/{rel}","templated":true}]}}