{"id":103677,"date":"2021-12-24T10:00:37","date_gmt":"2021-12-24T13:00:37","guid":{"rendered":"http:\/\/vinasfm.com\/noticias\/?p=103677"},"modified":"2021-12-24T10:23:17","modified_gmt":"2021-12-24T13:23:17","slug":"el-cic-del-b-soemga-festejo-el-cierre-anual-de-sus-actividades","status":"publish","type":"post","link":"https:\/\/vinasfm.com\/noticias\/el-cic-del-b-soemga-festejo-el-cierre-anual-de-sus-actividades\/","title":{"rendered":"EL CIC DEL B\u00b0 SOEMGA FESTEJ\u00d3 EL CIERRE ANUAL DE SUS ACTIVIDADES"},"content":{"rendered":"<h4><span style=\"color: #000000;\"><strong>El Intendente Walther Marcolini junto al Secretario de Gobierno Mariano Varela, la Directora de Educaci\u00f3n Roxana Molero, la Coordinadora del Centro Integrador Comunitario del Barrio Soemga Alicia Morales y gran cantidad de vecinos, participaron del desfile y cierre de talleres municipales, que se efectu\u00f3 este mi\u00e9rcoles 22 de noviembre, a las 20:30h, en la cancha ubicada junto al CIC.<\/strong><\/span><\/h4>\n<p><span style=\"color: #000000;\">Hubo sobre el <strong>escenario un desfile familiar de moda, carteras y peinados donde participaron madres, hijas y abuelas<\/strong>. Adem\u00e1s, <strong>todos los talleristas hicieron la muestra de los trabajos realizados durante el a\u00f1o<\/strong>, un <strong>radioteatro<\/strong> interpretado por adultos mayores, un <strong>pesebre navide\u00f1o<\/strong>, adem\u00e1s de la <strong>entrega de certificados a cada asistente<\/strong>.<\/span><\/p>\n<div id=\"attachment_103684\" style=\"width: 315px\" class=\"wp-caption alignleft\"><a style=\"color: #000000;\" href=\"http:\/\/vinasfm.com\/noticias\/wp-content\/uploads\/2021\/12\/3-scaled.jpg\"><img loading=\"lazy\" decoding=\"async\" aria-describedby=\"caption-attachment-103684\" class=\"wp-image-103684\" src=\"http:\/\/vinasfm.com\/noticias\/wp-content\/uploads\/2021\/12\/3-scaled.jpg\" alt=\"\" width=\"315\" height=\"209\" srcset=\"https:\/\/vinasfm.com\/noticias\/wp-content\/uploads\/2021\/12\/3-scaled.jpg 2560w, https:\/\/vinasfm.com\/noticias\/wp-content\/uploads\/2021\/12\/3-300x200.jpg 300w, https:\/\/vinasfm.com\/noticias\/wp-content\/uploads\/2021\/12\/3-1024x683.jpg 1024w, https:\/\/vinasfm.com\/noticias\/wp-content\/uploads\/2021\/12\/3-768x512.jpg 768w, https:\/\/vinasfm.com\/noticias\/wp-content\/uploads\/2021\/12\/3-1536x1024.jpg 1536w, https:\/\/vinasfm.com\/noticias\/wp-content\/uploads\/2021\/12\/3-2048x1365.jpg 2048w\" sizes=\"auto, (max-width: 315px) 100vw, 315px\" \/><\/a><p id=\"caption-attachment-103684\" class=\"wp-caption-text\"><span style=\"color: #000000;\">Cierre anual talleres CIC B\u00b0 Soemga.<\/span><\/p><\/div>\n<p><span style=\"color: #000000;\">En el <strong>CIC del Barrio Soemga<\/strong> se realizan <strong>talleres municipales<\/strong> de <strong>peluquer\u00eda, marroquiner\u00eda, dise\u00f1o y confecci\u00f3n, dibujo, carpinter\u00eda, folklore, teatro, bordado digital<\/strong>. Tambi\u00e9n, a<strong>poyo escolar, actividades recreativas, gimnasia r\u00edtmica, expresi\u00f3n corporal<\/strong>. Es para destacar que el \u00c1rea de Salud brinda <strong>servicio de medicina cl\u00ednica, pediatr\u00eda, obstetricia, psicolog\u00eda, asistencia social y cuenta con la presencia de agentes sanitarios<\/strong> y el <strong>CIC permanece abierto de lunes a viernes, de 6:30 a 18:30h<\/strong>. El <strong>\u00c1rea de Salud tambi\u00e9n atiende los s\u00e1bados de 7 a 12h<\/strong>.<\/span><\/p>\n<p><span style=\"color: #000000;\">El Intendente brind\u00f3 una recomendaci\u00f3n a todos los alvearenses: &#8216;<strong><em>Como estamos terminando un a\u00f1o dif\u00edcil, quiero pedirle a la comunidad que nos sigamos cuidando, compartiendo en familia estas fiestas, porque de a poco aumenta el n\u00famero de casos positivos en todo el Pa\u00eds<\/em><\/strong>&#8216;. Su mensaje para los vecinos del Barrio Soemga fue: &#8216;<em><strong>El CIC tiene que seguir creciendo, ampliando sus actividades, se ha sumado el voluntariado social. Adem\u00e1s, los talleres municipales han contribuido con material al Hospital Enfermeros Argentinos, al \u00c1rea departamental de salud, a los dos sanatorios del Departamento. Aqu\u00ed hay un play\u00f3n deportivo, hay espacios para los adultos mayores, para los j\u00f3venes y los ni\u00f1os. Hay proyectos en la Secretar\u00eda de Obras y Servicios P\u00fablicos para el CIC que ojal\u00e1 podamos encarar el a\u00f1o pr\u00f3ximo y es central que se ejecute la obra de cloacas en este barrio y en zonas aleda\u00f1as, adem\u00e1s de contar con un jard\u00edn maternal en el Barrio<\/strong><\/em>&#8216;.<\/span><\/p>\n<p><span style=\"color: #000000;\">&#8216;<strong><em>En total son doce los talleres y han asistido aproximadamente 60 alumnos por semana. Gran cantidad de gente particip\u00f3, tambi\u00e9n muchos adultos mayores que necesitaban realizar este tipo de actividades luego de la pandemia. Asimismo, los vecinos han logrado una buena salida laboral y una ayuda econ\u00f3mica para su familia<\/em><\/strong>&#8216;, destac\u00f3 <strong>Alicia Morales<\/strong> y agreg\u00f3: &#8216;<strong><em>Estamos festejando el cierre de actividades del CIC, en el escenario hubo un pesebre navide\u00f1o, adem\u00e1s del desfile organizado por los talleres de marroquiner\u00eda, costura y peluquer\u00eda y la muestra de trabajos que los talleristas han hecho y aprendido en muy poco tiempo, por la pandemia<\/em><\/strong>&#8216;.<\/span><\/p>\n<div id=\"attachment_103683\" style=\"width: 278px\" class=\"wp-caption alignright\"><a style=\"color: #000000;\" href=\"http:\/\/vinasfm.com\/noticias\/wp-content\/uploads\/2021\/12\/2-scaled.jpg\"><img loading=\"lazy\" decoding=\"async\" aria-describedby=\"caption-attachment-103683\" class=\"wp-image-103683\" src=\"http:\/\/vinasfm.com\/noticias\/wp-content\/uploads\/2021\/12\/2-scaled.jpg\" alt=\"\" width=\"278\" height=\"185\" srcset=\"https:\/\/vinasfm.com\/noticias\/wp-content\/uploads\/2021\/12\/2-scaled.jpg 2560w, https:\/\/vinasfm.com\/noticias\/wp-content\/uploads\/2021\/12\/2-300x200.jpg 300w, https:\/\/vinasfm.com\/noticias\/wp-content\/uploads\/2021\/12\/2-1024x683.jpg 1024w, https:\/\/vinasfm.com\/noticias\/wp-content\/uploads\/2021\/12\/2-768x512.jpg 768w, https:\/\/vinasfm.com\/noticias\/wp-content\/uploads\/2021\/12\/2-1536x1024.jpg 1536w, https:\/\/vinasfm.com\/noticias\/wp-content\/uploads\/2021\/12\/2-2048x1365.jpg 2048w\" sizes=\"auto, (max-width: 278px) 100vw, 278px\" \/><\/a><p id=\"caption-attachment-103683\" class=\"wp-caption-text\"><span style=\"color: #000000;\">Buen marco de p\u00fablico en el cierre anual de los talleres del CIC.<\/span><\/p><\/div>\n<p><span style=\"color: #000000;\">La <strong>Coordinadora del CIC<\/strong> agradeci\u00f3 a los vecinos por la contenci\u00f3n durante el tiempo de pandemia, al Intendente por permitirle trabajar en este lugar desde hace catorce a\u00f1os, por donar telas para elaborar prendas en los talleres. Respecto a las actividades que est\u00e1n programando para 2.022, resalt\u00f3 que <strong>comenz\u00f3 la colonia de verano y que van a realizar m\u00e1s talleres con salida laboral, como metal\u00fargica<\/strong>.<\/span><\/p>\n<p><span style=\"color: #000000;\">Por su parte, la<strong> Profesora de Marriquiner\u00eda Beatriz Vera<\/strong> detall\u00f3 que los alumnos han realizado <strong>carteras, mochilas, bolsos materos durante el a\u00f1o<\/strong>. Invit\u00f3 a mujeres, hombres y ni\u00f1os que quieran participar en 2.022, dado que trabajan con buenos objetivos, como son el reciclado de diversos tipos de materiales en desuso, lograr una salida laboral, ya que la mayor\u00eda de los talleristas tienen su marca, venden sus productos en ferias y mediante redes sociales. Agradeci\u00f3 a las alumnas, a la Coordinadora del CIC, a la Directora de Educaci\u00f3n y al Intendente que colabor\u00f3 con los insumos que necesitaban. <\/span><\/p>\n<p><span style=\"color: #000000;\">&#8216;<strong><em>Los cursos van a comenzar en abril y est\u00e1n todos invitados a participar, muchos alumnos lo tomaron como una terapia luego de la pandemia, encontraron en el CIC un espacio de encuentro, de contenci\u00f3n y de risas compartidas<\/em><\/strong>&#8216;, resalt\u00f2.<\/span><\/p>\n<p><span style=\"color: #000000;\">La <strong>Profesora de danzas folkl\u00f3ricas y Teatro Mariela Amor\u00f3s<\/strong> destac\u00f3 que han tenido un precioso a\u00f1o de trabajo, arrancaron en agosto con las actividades presenciales, pudieron hacer un radioteatro con los adultos mayores y danzas folkl\u00f3ricas. &#8216;<strong><em>Estoy agradecida a todos los que participaron y quiero aprovechar para invitar a todos los que deseen sumarse en 2.022 porque se vive un ambiente de alegr\u00eda especial<\/em><\/strong>&#8216;.<\/span><\/p>\n<p><span style=\"color: #000000;\"><a style=\"color: #000000;\" href=\"http:\/\/vinasfm.com\/noticias\/wp-content\/uploads\/2021\/12\/4-scaled.jpg\"><img loading=\"lazy\" decoding=\"async\" class=\"size-full wp-image-103685 aligncenter\" src=\"http:\/\/vinasfm.com\/noticias\/wp-content\/uploads\/2021\/12\/4-scaled.jpg\" alt=\"\" width=\"2560\" height=\"1707\" srcset=\"https:\/\/vinasfm.com\/noticias\/wp-content\/uploads\/2021\/12\/4-scaled.jpg 2560w, https:\/\/vinasfm.com\/noticias\/wp-content\/uploads\/2021\/12\/4-300x200.jpg 300w, https:\/\/vinasfm.com\/noticias\/wp-content\/uploads\/2021\/12\/4-1024x683.jpg 1024w, https:\/\/vinasfm.com\/noticias\/wp-content\/uploads\/2021\/12\/4-768x512.jpg 768w, https:\/\/vinasfm.com\/noticias\/wp-content\/uploads\/2021\/12\/4-1536x1024.jpg 1536w, https:\/\/vinasfm.com\/noticias\/wp-content\/uploads\/2021\/12\/4-2048x1365.jpg 2048w\" sizes=\"auto, (max-width: 2560px) 100vw, 2560px\" \/><\/a><\/span><\/p>\n<h5><span style=\"color: #000000;\">\u2022F.B.<\/span><\/h5>\n","protected":false},"excerpt":{"rendered":"<p>El Intendente Walther Marcolini junto al Secretario de Gobierno Mariano Varela, la Directora de Educaci\u00f3n Roxana Molero, la Coordinadora del Centro &#8230;<\/p>\n","protected":false},"author":8,"featured_media":103680,"comment_status":"open","ping_status":"open","sticky":false,"template":"","format":"standard","meta":{"footnotes":""},"categories":[5,10],"tags":[],"class_list":["post-103677","post","type-post","status-publish","format-standard","has-post-thumbnail","hentry","category-actualidad","category-destacadas"],"_links":{"self":[{"href":"https:\/\/vinasfm.com\/noticias\/wp-json\/wp\/v2\/posts\/103677","targetHints":{"allow":["GET"]}}],"collection":[{"href":"https:\/\/vinasfm.com\/noticias\/wp-json\/wp\/v2\/posts"}],"about":[{"href":"https:\/\/vinasfm.com\/noticias\/wp-json\/wp\/v2\/types\/post"}],"author":[{"embeddable":true,"href":"https:\/\/vinasfm.com\/noticias\/wp-json\/wp\/v2\/users\/8"}],"replies":[{"embeddable":true,"href":"https:\/\/vinasfm.com\/noticias\/wp-json\/wp\/v2\/comments?post=103677"}],"version-history":[{"count":5,"href":"https:\/\/vinasfm.com\/noticias\/wp-json\/wp\/v2\/posts\/103677\/revisions"}],"predecessor-version":[{"id":103734,"href":"https:\/\/vinasfm.com\/noticias\/wp-json\/wp\/v2\/posts\/103677\/revisions\/103734"}],"wp:featuredmedia":[{"embeddable":true,"href":"https:\/\/vinasfm.com\/noticias\/wp-json\/wp\/v2\/media\/103680"}],"wp:attachment":[{"href":"https:\/\/vinasfm.com\/noticias\/wp-json\/wp\/v2\/media?parent=103677"}],"wp:term":[{"taxonomy":"category","embeddable":true,"href":"https:\/\/vinasfm.com\/noticias\/wp-json\/wp\/v2\/categories?post=103677"},{"taxonomy":"post_tag","embeddable":true,"href":"https:\/\/vinasfm.com\/noticias\/wp-json\/wp\/v2\/tags?post=103677"}],"curies":[{"name":"wp","href":"https:\/\/api.w.org\/{rel}","templated":true}]}}