{"id":103577,"date":"2021-12-23T08:00:31","date_gmt":"2021-12-23T11:00:31","guid":{"rendered":"http:\/\/vinasfm.com\/noticias\/?p=103577"},"modified":"2021-12-23T10:57:54","modified_gmt":"2021-12-23T13:57:54","slug":"mendoza-financiara-gastos-de-cosecha-acarreo-y-elaboracion-de-uva-2022","status":"publish","type":"post","link":"https:\/\/vinasfm.com\/noticias\/mendoza-financiara-gastos-de-cosecha-acarreo-y-elaboracion-de-uva-2022\/","title":{"rendered":"MENDOZA FINANCIAR\u00c1 GASTOS DE COSECHA, ACARREO Y ELABORACI\u00d3N DE UVA 2022"},"content":{"rendered":"<h4><span style=\"color: #000000;\"><strong>La operatoria prev\u00e9 destinar $2.000 millones en cr\u00e9ditos. La Provincia subsidiar\u00e1 7 puntos de la tasa de inter\u00e9s de una l\u00ednea espec\u00edfica y se espera que el Gobierno nacional sume otros cinco puntos adicionales como base, tal cual se solicit\u00f3 el 9 de noviembre.<\/strong><\/span><\/h4>\n<p><span style=\"color: #000000;\">El Gobierno de Mendoza, a trav\u00e9s del Ministerio de Econom\u00eda y Energ\u00eda, anunci\u00f3 el lanzamiento de una l\u00ednea de financiamiento orientada a cubrir los gastos de cosecha, acarreo y elaboraci\u00f3n de uva 2022.<\/span><\/p>\n<p><span style=\"color: #000000;\">As\u00ed lo anunci\u00f3 el subsecretario de Agricultura y Ganader\u00eda, Sergio Moralejo, en conferencia de prensa: \u201cEl Gobierno de la provincia ha dispuesto una l\u00ednea de financiamiento por un monto de $2 mil millones conformados por aportes del Banco Naci\u00f3n, en su car\u00e1cter de agente financiero de la Provincia, y el Fondo para la Transformaci\u00f3n y el Crecimiento (FTyC). La intenci\u00f3n es acompa\u00f1ar y fortalecer a bodegas, cooperativas, peque\u00f1os productores mendocinos y establecimientos vitivin\u00edcolas de mayor envergadura\u201d.<\/span><\/p>\n<p><span style=\"color: #000000;\">El funcionario detall\u00f3 que la tasa de inter\u00e9s ser\u00e1 subsidiada en 7 puntos por el Gobierno de la provincia, mientras que se est\u00e1 a la espera de la respuesta de un pedido formal, elevado por el ministro de Econom\u00eda y Energ\u00eda, Enrique Vaqui\u00e9, para acceder a un mayor subsidio de tasa en beneficio de todos los mendocinos.<\/span><\/p>\n<p><span style=\"color: #000000;\">Dicha solicitud, firmada por el propio titular de la cartera econ\u00f3mica provincial, fue enviada el 9 de noviembre al titular de la Secretar\u00eda de la Peque\u00f1a y Mediana Empresa y los Emprendedores, Guillermo Merediz. \u201cEs un esfuerzo muy grande el que est\u00e1 haciendo la Provincia para poder hacer frente a este subsidio de tasa. A\u00fan estamos a la espera de una respuesta concreta al pedido realizado a la Naci\u00f3n para alcanzar una reducci\u00f3n de tasa de 5 puntos adicionales como base. Al momento no hemos tenido novedades al respecto\u201d, resalt\u00f3 Moralejo.<\/span><\/p>\n<p><span style=\"color: #000000;\"><strong>Operatoria conjunta: $2.000 millones para la cosecha\u00a0<\/strong><\/span><\/p>\n<p><span style=\"color: #000000;\">La iniciativa tiene por objetivo cubrir las necesidades de todos aquellos actores vinculados a producci\u00f3n y elaboraci\u00f3n de vinos. Es por ello que desde el Gobierno de la provincia se avanz\u00f3 en una propuesta que incluyera a quienes se desempe\u00f1an en la vitivinicultura.<\/span><\/p>\n<p><span style=\"color: #000000;\">Para ello, en primer lugar, se rubric\u00f3 un convenio de bonificaci\u00f3n de tasa de cr\u00e9dito por el total de la operatoria para dar respuesta a las necesidades de gastos de cosecha, acarreo de uva y elaboraci\u00f3n de vinos en que incurran peque\u00f1os bodegueros, cooperativas, peque\u00f1os productores y establecimientos vitivin\u00edcolas de mayor envergadura.<\/span><\/p>\n<p><span style=\"color: #000000;\">Laura Torres, titular del FTyC, coment\u00f3 que \u201cuna vez que se terminen de instrumentar todas las herramientas, se podr\u00e1 acceder a ellas tanto a trav\u00e9s de la p\u00e1gina oficial de nuestra entidad, o bien a trav\u00e9s de la del Banco de la Naci\u00f3n Argentina. Entendemos que a principios del mes de enero se encontrar\u00e1n operativas\u201d.<\/span><\/p>\n<p><span style=\"color: #000000;\"><strong>Un largo camino recorrido\u00a0<\/strong><\/span><\/p>\n<p><span style=\"color: #000000;\">La Provincia de Mendoza ha venido trabajando fuertemente para conseguir herramientas que permitan a peque\u00f1os bodegueros, productores y establecimientos vitivin\u00edcolas de mayor amplitud llevar a cabo sus actividades de la mejor manera posible.<\/span><\/p>\n<p><span style=\"color: #000000;\">A la solicitud de bonificaci\u00f3n adicional de la tasa (5% o m\u00e1s) a trav\u00e9s del Fideicomiso Financiero y de Administraci\u00f3n (FONDEP), enviada por el titular de la cartera econ\u00f3mica provincial a las autoridades nacionales, se sumaron dos m\u00e1s.<\/span><\/p>\n<p><span style=\"color: #000000;\">Al respecto, desde Econom\u00eda informaron que el 20 de octubre se solicit\u00f3 a las autoridades del Banco de la Naci\u00f3n Argentina que sea evaluada la posibilidad de implementar una l\u00ednea de cr\u00e9dito destinada a asistir al sector de cara a la vendimia 2022, misiva que fue respondida el d\u00eda 2 de noviembre.<\/span><\/p>\n<p><span style=\"color: #000000;\">Posteriormente, el 15 de noviembre, Mendoza volvi\u00f3 a emitir una solicitud al titular de la entidad, Eduardo Hecker, para solicitarle una tasa constante para todos los cr\u00e9ditos a los efectos de asegurar uniformidad en las condiciones financieras a las que pueden acceder desde el sector vitivin\u00edcola de la provincia. Mendoza a\u00fan no ha tenido respuesta a esa solicitud.<\/span><\/p>\n","protected":false},"excerpt":{"rendered":"<p>La operatoria prev\u00e9 destinar $2.000 millones en cr\u00e9ditos. La Provincia subsidiar\u00e1 7 puntos de la tasa de inter\u00e9s de una l\u00ednea &#8230;<\/p>\n","protected":false},"author":8,"featured_media":48912,"comment_status":"open","ping_status":"open","sticky":false,"template":"","format":"standard","meta":{"footnotes":""},"categories":[5,14],"tags":[],"class_list":["post-103577","post","type-post","status-publish","format-standard","has-post-thumbnail","hentry","category-actualidad","category-agro"],"_links":{"self":[{"href":"https:\/\/vinasfm.com\/noticias\/wp-json\/wp\/v2\/posts\/103577","targetHints":{"allow":["GET"]}}],"collection":[{"href":"https:\/\/vinasfm.com\/noticias\/wp-json\/wp\/v2\/posts"}],"about":[{"href":"https:\/\/vinasfm.com\/noticias\/wp-json\/wp\/v2\/types\/post"}],"author":[{"embeddable":true,"href":"https:\/\/vinasfm.com\/noticias\/wp-json\/wp\/v2\/users\/8"}],"replies":[{"embeddable":true,"href":"https:\/\/vinasfm.com\/noticias\/wp-json\/wp\/v2\/comments?post=103577"}],"version-history":[{"count":4,"href":"https:\/\/vinasfm.com\/noticias\/wp-json\/wp\/v2\/posts\/103577\/revisions"}],"predecessor-version":[{"id":103603,"href":"https:\/\/vinasfm.com\/noticias\/wp-json\/wp\/v2\/posts\/103577\/revisions\/103603"}],"wp:featuredmedia":[{"embeddable":true,"href":"https:\/\/vinasfm.com\/noticias\/wp-json\/wp\/v2\/media\/48912"}],"wp:attachment":[{"href":"https:\/\/vinasfm.com\/noticias\/wp-json\/wp\/v2\/media?parent=103577"}],"wp:term":[{"taxonomy":"category","embeddable":true,"href":"https:\/\/vinasfm.com\/noticias\/wp-json\/wp\/v2\/categories?post=103577"},{"taxonomy":"post_tag","embeddable":true,"href":"https:\/\/vinasfm.com\/noticias\/wp-json\/wp\/v2\/tags?post=103577"}],"curies":[{"name":"wp","href":"https:\/\/api.w.org\/{rel}","templated":true}]}}