{"id":103565,"date":"2021-12-22T15:30:02","date_gmt":"2021-12-22T18:30:02","guid":{"rendered":"http:\/\/vinasfm.com\/noticias\/?p=103565"},"modified":"2021-12-22T19:27:00","modified_gmt":"2021-12-22T22:27:00","slug":"pacifico-es-campeon-de-la-liga-municipal-de-futsal","status":"publish","type":"post","link":"https:\/\/vinasfm.com\/noticias\/pacifico-es-campeon-de-la-liga-municipal-de-futsal\/","title":{"rendered":"PAC\u00cdFICO ES CAMPE\u00d3N DE LA LIGA MUNICIPAL DE FUTSAL"},"content":{"rendered":"<h4><span style=\"color: #000000;\"><strong>En una final a partido \u00fanico disputado en el Polideportivo Deportistas Alvearenses Pac\u00edfico gan\u00f3 por 4 a 0 contra Andes y se qued\u00f3 con el t\u00edtulo en el Torneo Transici\u00f3n de la Liga Municipal de Futsal.<\/strong><\/span><\/h4>\n<p><span style=\"color: #000000;\">Un nuevo torneo departamental de futsal lleg\u00f3 a su fin despu\u00e9s de un atractivo campeonato en el que <strong>Pac\u00edfico y Andes se metieron en la gran final<\/strong>, eliminando en semifinales a La Marzolina y Orange Deportes, respectivamente.\u00a0<strong>Con dos goles de Tom\u00e1s Lucero y dos de Lucca Aliaga, fue goleada 4 a 0 del Lobo para quedarse con el t\u00edtulo<\/strong>.<\/span><\/p>\n<p><span style=\"color: #000000;\">Tras el partido, Franco Narv\u00e1ez, expres\u00f3 la alegr\u00eda por el campeonato e igualmente elogi\u00f3 al Croto: <em><strong>\u00abSab\u00edamos que era el rival a vencer porque era el \u00fanico que nos pod\u00eda hacer da\u00f1o y por suerte pudimos abrir el partido desde temprano. Se dio un partido duro pero como esper\u00e1bamos\u00bb<\/strong><\/em>.<\/span><\/p>\n<p><span style=\"color: #000000;\">En cuanto al desarrollo de la Liga, manifest\u00f3: <em><strong>\u00abCost\u00f3 arrancar y empezamos sin p\u00fablico. Hoy por suerte podemos contar con el apoyo de la familia, amigos y sponsors. A todos hay que agradecerles porque hacen posible que nosotros disfrutemos de esta alegr\u00eda\u00bb<\/strong><\/em>.<\/span><\/p>\n<h5><span style=\"color: #000000;\"><strong>\u2022L.A.<\/strong><\/span><\/h5>\n","protected":false},"excerpt":{"rendered":"<p>En una final a partido \u00fanico disputado en el Polideportivo Deportistas Alvearenses Pac\u00edfico gan\u00f3 por 4 a 0 contra Andes y &#8230;<\/p>\n","protected":false},"author":7,"featured_media":103579,"comment_status":"open","ping_status":"open","sticky":false,"template":"","format":"standard","meta":{"footnotes":""},"categories":[5,3],"tags":[],"class_list":["post-103565","post","type-post","status-publish","format-standard","has-post-thumbnail","hentry","category-actualidad","category-deportes"],"_links":{"self":[{"href":"https:\/\/vinasfm.com\/noticias\/wp-json\/wp\/v2\/posts\/103565","targetHints":{"allow":["GET"]}}],"collection":[{"href":"https:\/\/vinasfm.com\/noticias\/wp-json\/wp\/v2\/posts"}],"about":[{"href":"https:\/\/vinasfm.com\/noticias\/wp-json\/wp\/v2\/types\/post"}],"author":[{"embeddable":true,"href":"https:\/\/vinasfm.com\/noticias\/wp-json\/wp\/v2\/users\/7"}],"replies":[{"embeddable":true,"href":"https:\/\/vinasfm.com\/noticias\/wp-json\/wp\/v2\/comments?post=103565"}],"version-history":[{"count":6,"href":"https:\/\/vinasfm.com\/noticias\/wp-json\/wp\/v2\/posts\/103565\/revisions"}],"predecessor-version":[{"id":103592,"href":"https:\/\/vinasfm.com\/noticias\/wp-json\/wp\/v2\/posts\/103565\/revisions\/103592"}],"wp:featuredmedia":[{"embeddable":true,"href":"https:\/\/vinasfm.com\/noticias\/wp-json\/wp\/v2\/media\/103579"}],"wp:attachment":[{"href":"https:\/\/vinasfm.com\/noticias\/wp-json\/wp\/v2\/media?parent=103565"}],"wp:term":[{"taxonomy":"category","embeddable":true,"href":"https:\/\/vinasfm.com\/noticias\/wp-json\/wp\/v2\/categories?post=103565"},{"taxonomy":"post_tag","embeddable":true,"href":"https:\/\/vinasfm.com\/noticias\/wp-json\/wp\/v2\/tags?post=103565"}],"curies":[{"name":"wp","href":"https:\/\/api.w.org\/{rel}","templated":true}]}}