{"id":103552,"date":"2021-12-22T23:58:34","date_gmt":"2021-12-23T02:58:34","guid":{"rendered":"http:\/\/vinasfm.com\/noticias\/?p=103552"},"modified":"2021-12-23T10:33:43","modified_gmt":"2021-12-23T13:33:43","slug":"victor-alvarez-dio-detalles-sobre-el-avance-en-el-plan-de-asfaltos-de-vialidad-provincial","status":"publish","type":"post","link":"https:\/\/vinasfm.com\/noticias\/victor-alvarez-dio-detalles-sobre-el-avance-en-el-plan-de-asfaltos-de-vialidad-provincial\/","title":{"rendered":"V\u00cdCTOR \u00c1LVAREZ DIO DETALLES SOBRE EL AVANCE DEL PLAN DE ASFALTOS EN ALVEAR"},"content":{"rendered":"<h4><strong><span style=\"color: #000000;\">El Consejero de Vialidad Provincial Zona Sur V\u00edctor \u00c1lvarez coment\u00f3 los avances en el asfaltado de Calle G, Diagonal Jorge Sim\u00f3n y el puente de Centenario y Calle 13, adem\u00e1s de mencionar otras prioridades de Vialidad Provincial en el departamento.<\/span><\/strong><\/h4>\n<p><span style=\"color: #000000;\">Despu\u00e9s de una importante reuni\u00f3n que mantuvieron <strong>el Intendente Walther Marcolini con el Ingeniero Osvaldo Romagnoli, Administrador General de la Direcci\u00f3n de Vialidad Provincial<\/strong>, <strong>en di\u00e1logo con FM Vi\u00f1as V\u00edctor \u00c1lvarez<\/strong> apunt\u00f3: <em><strong>\u00abEl Intendente anunci\u00f3 que desde hoy iniciamos con el asfaltado en calle G y tambi\u00e9n hubo conversaci\u00f3n sobre la Diagonal Jorge Sim\u00f3n, en la que Vialidad Provincial har\u00e1 la calzada de 7 metros, con la demarcaci\u00f3n correspondiente\u00bb<\/strong><\/em>.<\/span><\/p>\n<p><span style=\"color: #000000;\">Asimismo, por ser una arteria que pertenece a la Municipalidad, \u00c1lvarez agreg\u00f3: <em><strong>\u00abEl Municipio se har\u00e1 cargo de las banquinas, armando un riego para que sea transitable y seguro para la gente que circula en bicicleta y caminando en una zona muy populosa\u00bb<\/strong><\/em>. Por ser una v\u00eda importante de gran circulaci\u00f3n e ingreso al departamento, el Consejero Zona Sur de Vialidad Provincial destac\u00f3 el apoyo del gobernador para facilitar la partida de dinero hacia esta obra.<\/span><\/p>\n<p><span style=\"color: #000000;\">Por otra parte, \u00c1lvarez se refiri\u00f3 a la construcci\u00f3n del puente en Centenario y Calle 13, sobre el cual detall\u00f3: <em><strong>\u00abHoy ya probablemente est\u00e9n llenas las plateas superiores del puente y los alerones, que se atrasaron con la \u00faltima tormenta que arras\u00f3 todo, pero estaban hechas las bases y laterales\u00bb<\/strong><\/em>.<\/span><\/p>\n<p><span style=\"color: #000000;\">Por \u00faltimo, el funcionario expres\u00f3 otras prioridades a trabajar en el mediano y largo plazo. <em><strong>\u00abHemos puesto un plan ambicioso con respecto a lo que se ven\u00eda haciendo en la zona rural. Vamos a ir viendo con qu\u00e9 presupuesto contamos pero la idea es avanzar en la calle 7, entre G y Ruta 188 con carpeta, y en la calle Centenario, desde calle 13 al Oeste por un defecto que tiene en el centro que hace peligrar el asfalto. Y por pedidos de los vecinos tenemos como objetivos, la calle C; la 25; la 19, entre Centenario y 188; y la 16\u00bb<\/strong><\/em>, detall\u00f3 \u00c1lvarez.<\/span><\/p>\n<h5><span style=\"color: #000000;\"><strong>\u2022L.A.<\/strong><\/span><\/h5>\n","protected":false},"excerpt":{"rendered":"<p>El Consejero de Vialidad Provincial Zona Sur V\u00edctor \u00c1lvarez coment\u00f3 los avances en el asfaltado de Calle G, Diagonal Jorge Sim\u00f3n &#8230;<\/p>\n","protected":false},"author":7,"featured_media":99031,"comment_status":"open","ping_status":"open","sticky":false,"template":"","format":"standard","meta":{"footnotes":""},"categories":[5,79],"tags":[],"class_list":["post-103552","post","type-post","status-publish","format-standard","has-post-thumbnail","hentry","category-actualidad","category-vialidad"],"_links":{"self":[{"href":"https:\/\/vinasfm.com\/noticias\/wp-json\/wp\/v2\/posts\/103552","targetHints":{"allow":["GET"]}}],"collection":[{"href":"https:\/\/vinasfm.com\/noticias\/wp-json\/wp\/v2\/posts"}],"about":[{"href":"https:\/\/vinasfm.com\/noticias\/wp-json\/wp\/v2\/types\/post"}],"author":[{"embeddable":true,"href":"https:\/\/vinasfm.com\/noticias\/wp-json\/wp\/v2\/users\/7"}],"replies":[{"embeddable":true,"href":"https:\/\/vinasfm.com\/noticias\/wp-json\/wp\/v2\/comments?post=103552"}],"version-history":[{"count":3,"href":"https:\/\/vinasfm.com\/noticias\/wp-json\/wp\/v2\/posts\/103552\/revisions"}],"predecessor-version":[{"id":103663,"href":"https:\/\/vinasfm.com\/noticias\/wp-json\/wp\/v2\/posts\/103552\/revisions\/103663"}],"wp:featuredmedia":[{"embeddable":true,"href":"https:\/\/vinasfm.com\/noticias\/wp-json\/wp\/v2\/media\/99031"}],"wp:attachment":[{"href":"https:\/\/vinasfm.com\/noticias\/wp-json\/wp\/v2\/media?parent=103552"}],"wp:term":[{"taxonomy":"category","embeddable":true,"href":"https:\/\/vinasfm.com\/noticias\/wp-json\/wp\/v2\/categories?post=103552"},{"taxonomy":"post_tag","embeddable":true,"href":"https:\/\/vinasfm.com\/noticias\/wp-json\/wp\/v2\/tags?post=103552"}],"curies":[{"name":"wp","href":"https:\/\/api.w.org\/{rel}","templated":true}]}}