{"id":103540,"date":"2021-12-22T23:59:07","date_gmt":"2021-12-23T02:59:07","guid":{"rendered":"http:\/\/vinasfm.com\/noticias\/?p=103540"},"modified":"2021-12-23T19:06:09","modified_gmt":"2021-12-23T22:06:09","slug":"abigeato-secuestraron-dos-novillos-faenados-en-el-baul-de-un-vehiculo","status":"publish","type":"post","link":"https:\/\/vinasfm.com\/noticias\/abigeato-secuestraron-dos-novillos-faenados-en-el-baul-de-un-vehiculo\/","title":{"rendered":"ABIGEATO: SECUESTRARON DOS NOVILLOS FAENADOS EN EL BA\u00daL DE UN VEH\u00cdCULO"},"content":{"rendered":"<h4><span style=\"color: #000000;\"><strong>Polic\u00eda Rural secuestr\u00f3 en calle 22 a dos novillos faenados en el ba\u00fal de un veh\u00edculo que se escap\u00f3 de un control de rutina realizado este lunes en horas de la noche pero que logr\u00f3 ser revisado por los uniformados luego de que su conductor lo dejara abandonado.<\/strong><\/span><\/h4>\n<p><span style=\"color: #000000;\">Autoridades policiales confirmaron que en el marco de un <strong>operativo de control sobre Ruta 188<\/strong> procedieron a revisar un <strong>Renault 9<\/strong>, color blanco, que <strong>circulaba en direcci\u00f3n al oeste<\/strong>. Lejos de cooperar y detener la marcha del autom\u00f3vil, <strong>el conductor se dio a la fuga por calle 22<\/strong>.<\/span><\/p>\n<p><span style=\"color: #000000;\">A pesar de perderlo de vista, los uniformados de la <strong>Subdelegacion de Policia Rural de Alvear<\/strong> lo siguieron hasta <strong>observar al veh\u00edculo abandonado en el interior de una finca de la zona<\/strong>.<\/span><\/p>\n<p><span style=\"color: #000000;\">Al abrir el ba\u00fal, <strong>se encontraron con dos vacunos de distinto pelaje faenados en cuartos<\/strong>, que seg\u00fan los primeros indicios ser\u00edan producto del robo de ganado.<\/span><\/p>\n<p><span style=\"color: #000000;\">Desde <strong>Comisaria 46\u00b0<\/strong> se invita a posibles v\u00edctimas de abigeato a acercarse y denunciar para poder <strong>avanzar en la investigaci\u00f3n del hecho, que aun no cuenta con detenidos<\/strong>.<\/span><\/p>\n<h5><span style=\"color: #000000;\">\u2022F.B.<\/span><\/h5>\n","protected":false},"excerpt":{"rendered":"<p>Polic\u00eda Rural secuestr\u00f3 en calle 22 a dos novillos faenados en el ba\u00fal de un veh\u00edculo que se escap\u00f3 de un &#8230;<\/p>\n","protected":false},"author":8,"featured_media":103541,"comment_status":"open","ping_status":"open","sticky":false,"template":"","format":"standard","meta":{"footnotes":""},"categories":[5,4],"tags":[],"class_list":["post-103540","post","type-post","status-publish","format-standard","has-post-thumbnail","hentry","category-actualidad","category-policiales"],"_links":{"self":[{"href":"https:\/\/vinasfm.com\/noticias\/wp-json\/wp\/v2\/posts\/103540","targetHints":{"allow":["GET"]}}],"collection":[{"href":"https:\/\/vinasfm.com\/noticias\/wp-json\/wp\/v2\/posts"}],"about":[{"href":"https:\/\/vinasfm.com\/noticias\/wp-json\/wp\/v2\/types\/post"}],"author":[{"embeddable":true,"href":"https:\/\/vinasfm.com\/noticias\/wp-json\/wp\/v2\/users\/8"}],"replies":[{"embeddable":true,"href":"https:\/\/vinasfm.com\/noticias\/wp-json\/wp\/v2\/comments?post=103540"}],"version-history":[{"count":3,"href":"https:\/\/vinasfm.com\/noticias\/wp-json\/wp\/v2\/posts\/103540\/revisions"}],"predecessor-version":[{"id":103660,"href":"https:\/\/vinasfm.com\/noticias\/wp-json\/wp\/v2\/posts\/103540\/revisions\/103660"}],"wp:featuredmedia":[{"embeddable":true,"href":"https:\/\/vinasfm.com\/noticias\/wp-json\/wp\/v2\/media\/103541"}],"wp:attachment":[{"href":"https:\/\/vinasfm.com\/noticias\/wp-json\/wp\/v2\/media?parent=103540"}],"wp:term":[{"taxonomy":"category","embeddable":true,"href":"https:\/\/vinasfm.com\/noticias\/wp-json\/wp\/v2\/categories?post=103540"},{"taxonomy":"post_tag","embeddable":true,"href":"https:\/\/vinasfm.com\/noticias\/wp-json\/wp\/v2\/tags?post=103540"}],"curies":[{"name":"wp","href":"https:\/\/api.w.org\/{rel}","templated":true}]}}