{"id":103498,"date":"2021-12-21T00:01:42","date_gmt":"2021-12-21T03:01:42","guid":{"rendered":"http:\/\/vinasfm.com\/noticias\/?p=103498"},"modified":"2021-12-22T10:23:38","modified_gmt":"2021-12-22T13:23:38","slug":"pacifico-y-andes-jugaran-la-final-de-la-liga-municipal-de-futsal","status":"publish","type":"post","link":"https:\/\/vinasfm.com\/noticias\/pacifico-y-andes-jugaran-la-final-de-la-liga-municipal-de-futsal\/","title":{"rendered":"PAC\u00cdFICO Y ANDES JUGAR\u00c1N LA FINAL DE LA LIGA MUNICIPAL DE FUTSAL"},"content":{"rendered":"<h4><span style=\"color: #000000;\"><strong>Este martes a las 21:30 hs en el Polideportivo Deportistas Alvearenses Pac\u00edfico y Andes se enfrentar\u00e1n en la final del Torneo Transici\u00f3n 2021 de la Liga Municipal de Futsal. Adem\u00e1s, en la previa del encuentro los futbolistas locales que juegan en clubes de AFA y en el exterior protagonizar\u00e1n un partido de exhibici\u00f3n.<\/strong><\/span><\/h4>\n<p><span style=\"color: #000000;\">Desde la 21:30 hs, en el Poli se definir\u00e1 un nuevo campe\u00f3n alvearense en futsal y en di\u00e1logo con <strong>F.M. Vi\u00f1as<\/strong>, el Coordinador de la Liga Municipal de Futsal Mauricio Sanz anunci\u00f3:<strong><em> \u00abEsta noche Pac\u00edfico y Andes se van a enfrentar en la final despu\u00e9s de un muy buen torneo. Quiero invitar a todos a que puedan ir a presenciar de un evento de muy buena calidad\u00bb.<\/em><\/strong><\/span><\/p>\n<p><span style=\"color: #000000;\">En un torneo con 12 equipos, la competencia fue muy atractiva, y por\u00a0 el lado del Lobo, lleg\u00f3 a la final tras ganarle 8 a 3 a La Marzolina en la semifinal. Mientras que Andes empat\u00f3 6 a 6 con Orange Deportes, que fue primero en la fase regular, y lo elimin\u00f3 con un 3 a 0 en los penales.<\/span><\/p>\n<p><span style=\"color: #000000;\">En cuanto a la log\u00edstica Sanz agreg\u00f3: <em><strong>\u00abEste a\u00f1o se denomin\u00f3 torneo Transici\u00f3n porque se unificaron Primera A y Primera B en un solo torneo, y de ah\u00ed quedaron distribuidos equipos para Primera A (los mejores 7 equipos) y Primera B (los 5 restantes) para jugar a partir de febrero el Torneo Vendimia y los distintos torneos que tienen la Liga Municipal de Futsal\u00bb.<\/strong><\/em><\/span><\/p>\n<h4><span style=\"color: #000000;\"><strong>Partido exhibici\u00f3n<\/strong><\/span><\/h4>\n<p><span style=\"color: #000000;\">En la previa de la final entre Pac\u00edfico y Andes, <strong>futbolistas alvearenses que compiten en Inferiores y Primero de f\u00fatbol de AFA van a disputar un partido de exhibici\u00f3n desde las 20:30 hs<\/strong>. Para ingresar hay que llevar un alimento no perecedero, que ser\u00e1 donado a merenderos del departamento.<\/span><\/p>\n<h5><span style=\"color: #000000;\"><strong>\u2022L.A.<\/strong><\/span><\/h5>\n","protected":false},"excerpt":{"rendered":"<p>Este martes a las 21:30 hs en el Polideportivo Deportistas Alvearenses Pac\u00edfico y Andes se enfrentar\u00e1n en la final del Torneo &#8230;<\/p>\n","protected":false},"author":7,"featured_media":49905,"comment_status":"open","ping_status":"open","sticky":false,"template":"","format":"standard","meta":{"footnotes":""},"categories":[5,3],"tags":[],"class_list":["post-103498","post","type-post","status-publish","format-standard","has-post-thumbnail","hentry","category-actualidad","category-deportes"],"_links":{"self":[{"href":"https:\/\/vinasfm.com\/noticias\/wp-json\/wp\/v2\/posts\/103498","targetHints":{"allow":["GET"]}}],"collection":[{"href":"https:\/\/vinasfm.com\/noticias\/wp-json\/wp\/v2\/posts"}],"about":[{"href":"https:\/\/vinasfm.com\/noticias\/wp-json\/wp\/v2\/types\/post"}],"author":[{"embeddable":true,"href":"https:\/\/vinasfm.com\/noticias\/wp-json\/wp\/v2\/users\/7"}],"replies":[{"embeddable":true,"href":"https:\/\/vinasfm.com\/noticias\/wp-json\/wp\/v2\/comments?post=103498"}],"version-history":[{"count":3,"href":"https:\/\/vinasfm.com\/noticias\/wp-json\/wp\/v2\/posts\/103498\/revisions"}],"predecessor-version":[{"id":103514,"href":"https:\/\/vinasfm.com\/noticias\/wp-json\/wp\/v2\/posts\/103498\/revisions\/103514"}],"wp:featuredmedia":[{"embeddable":true,"href":"https:\/\/vinasfm.com\/noticias\/wp-json\/wp\/v2\/media\/49905"}],"wp:attachment":[{"href":"https:\/\/vinasfm.com\/noticias\/wp-json\/wp\/v2\/media?parent=103498"}],"wp:term":[{"taxonomy":"category","embeddable":true,"href":"https:\/\/vinasfm.com\/noticias\/wp-json\/wp\/v2\/categories?post=103498"},{"taxonomy":"post_tag","embeddable":true,"href":"https:\/\/vinasfm.com\/noticias\/wp-json\/wp\/v2\/tags?post=103498"}],"curies":[{"name":"wp","href":"https:\/\/api.w.org\/{rel}","templated":true}]}}