{"id":103437,"date":"2021-12-21T08:00:05","date_gmt":"2021-12-21T11:00:05","guid":{"rendered":"http:\/\/vinasfm.com\/noticias\/?p=103437"},"modified":"2021-12-21T19:10:10","modified_gmt":"2021-12-21T22:10:10","slug":"podria-haber-desabastecimiento-de-combustibles-durante-las-fiestas-y-temporada-de-verano","status":"publish","type":"post","link":"https:\/\/vinasfm.com\/noticias\/podria-haber-desabastecimiento-de-combustibles-durante-las-fiestas-y-temporada-de-verano\/","title":{"rendered":"PODR\u00cdA HABER DESABASTECIMIENTO DE COMBUSTIBLES DURANTE LAS FIESTAS Y TEMPORADA DE VERANO"},"content":{"rendered":"<h4><strong><span style=\"color: #000000;\">La Confederaci\u00f3n de Entidades del Comercio de Hidrocarburos y Afines de la Rep\u00fablica Argentina (CECHA), junto a la Federaci\u00f3n de Empresarios de Combustibles de la Rep\u00fablica Argentina (FECRA), la C\u00e1mara de Expendedores de GNC (CEGNC) y la Asociaci\u00f3n de Estaciones de Servicio (AES), alertaron sobre un posible desabastecimiento de combustibles para las fiestas, la temporada tur\u00edstica y la cosecha gruesa.<\/span><\/strong><\/h4>\n<p><span style=\"color: #000000;\">Mediante un comunicado, las entidades \u201c<strong><em>expresaron su preocupaci\u00f3n por un combo de factores que pone en riesgo el abastecimiento de combustible para Navidad, A\u00f1o Nuevo y el resto de la temporada tur\u00edstica. Ya hay faltantes en ciudades de todo el pa\u00eds<\/em><\/strong>\u201d. Adem\u00e1s, se\u00f1alaron que existe un \u201c<strong><em>faltante de gasoil para el sector agropecuario, que se encuentra en la v\u00edspera de la cosecha gruesa y hoy no tiene garantizado el abastecimiento para llevarla adelante<\/em><\/strong>\u201d.<\/span><\/p>\n<h4><strong><span style=\"color: #000000;\">Nafta: peligra el abastecimiento en las fiestas y la temporada tur\u00edstica<\/span><\/strong><\/h4>\n<p><span style=\"color: #000000;\">Seg\u00fan el documento difundido este domingo, \u201c<strong><em>desde hace varios meses las estaciones de servicio vienen denunciando una crisis sist\u00e9mica que ocasion\u00f3 un faltante de combustible a lo largo de todo el pa\u00eds<\/em><\/strong>\u201d, una situaci\u00f3n que aseguran empeor\u00f3 en las \u00faltimas semanas y que deriv\u00f3 en un desabastecimiento a gran escala que \u201c<em><strong>amenaza con golpear Buenos Aires, C\u00f3rdoba, Santa Fe, Mendoza y los principales centros tur\u00edsticos de la Argentina<\/strong><\/em>\u201d.<\/span><\/p>\n<p><span style=\"color: #000000;\">\u201c<strong><em>Hoy escasea el combustible. Comenz\u00f3 en peque\u00f1as regiones del pa\u00eds, en estaciones de bandera blanca, pero ahora ya se ve en ciudades y en algunos puntos del Conurbano. Es por eso que estamos en alerta y buscando v\u00edas de soluci\u00f3n para que no siga empeorando la situaci\u00f3n<\/em><\/strong>\u201d, asegur\u00f3 Gabriel Bornoroni, presidente de CECHA.<\/span><\/p>\n<figure class=\"wp-block-image\"><\/figure>\n<p><span style=\"color: #000000;\">Adem\u00e1s, se\u00f1al\u00f3 que desde la c\u00e1mara empresaria\u00a0<strong>enviaron notas de \u201c<em>car\u00e1cter urgente<\/em>\u201d con el fin de mantener reuniones<\/strong>\u00a0con el ministro de Desarrollo Productivo,\u00a0<strong>Mat\u00edas Kulfas<\/strong>, con el secretario de Energ\u00eda,\u00a0<strong>Dar\u00edo Mart\u00ednez<\/strong>, y con las empresas petroleras. \u201c<strong><em>Tanto los funcionarios como los proveedores tienen pleno conocimiento de lo que sucede, queda ahora entre todos lograr cambios que permitan el normal abastecimiento, para beneficio del p\u00fablico y subsistencia de nuestra actividad<\/em><\/strong>\u201d, afirmaron.<\/span><\/p>\n<p><span style=\"color: #000000;\">Sin embargo, aclararon que a\u00fan no obtuvieron respuestas por parte de los funcionarios. \u201c<strong><em>En las pr\u00f3ximas semanas empieza a haber m\u00e1s movimiento por el turismo, Navidad y Fin de a\u00f1o, lo que indudablemente va agravando el cuadro de escasez que hoy vemos en varios centros urbanos.\u00a0Realmente no podemos garantizar que haya producto para las fiestas y para el comienzo de la temporada<\/em><\/strong>\u201d, advirti\u00f3 Bornoroni.<\/span><\/p>\n<h4><strong><span style=\"color: #000000;\">Gasoil: podr\u00eda faltar combustible para la cosecha gruesa<\/span><\/strong><\/h4>\n<p><span style=\"color: #000000;\">Otro de los puntos que alertaron los empresarios es la posible falta de gasoil para el sector agropecuario, siendo que a principios del a\u00f1o se realiza la\u00a0<strong>cosecha gruesa<\/strong>. Por lo cual advirtieron que \u201c<em><strong>hoy no tienen garantizado el abastecimiento para llevarla adelante<\/strong><\/em>\u201d. Incluso, explicaron que esta situaci\u00f3n \u201c<strong><em>no tiene origen en las estaciones de servicio, sino que est\u00e1 motivada por diversas causas<\/em><\/strong>\u201d.<\/span><\/p>\n<figure class=\"wp-block-image\"><\/figure>\n<p><span style=\"color: #000000;\">\u201c<strong><em>Por un lado, tanto el congelamiento de precios, como el incremento de los costos, ha motivado que algunos proveedores mayoristas est\u00e1n regulando las entregas por medio de cupos o precios diferenciales que son imposibles de asumir<\/em><\/strong>\u201d, explicaron desde las c\u00e1maras. Seg\u00fan se\u00f1alaron,\u00a0<strong>gracias al congelamiento de los precios que rige desde mayo, \u201c<em>los m\u00e1rgenes de rentabilidad se achicaron<\/em>\u201d<\/strong>.<\/span><\/p>\n<p><span style=\"color: #000000;\">Por lo cual aseguraron que ya \u201c<strong><em>no se obtiene ganancia al vender el combustible a las estaciones<\/em><\/strong>\u201d y definieron \u201cdestinarlo a determinadas estaciones s\u00ed y otras no\u201d. \u201c<strong><em>Productos como los Premium, gasoil y di\u00e9sel tienen que ser importados, por lo que se pagan en d\u00f3lares y se venden en pesos, una ecuaci\u00f3n que tampoco resulta beneficiosa<\/em><\/strong>\u201d, explicaron.<\/span><\/p>\n<h4><strong><span style=\"color: #000000;\">Los costos ponen en jaque a las estaciones de servicio<\/span><\/strong><\/h4>\n<p><span style=\"color: #000000;\">Sobre este \u00faltimo punto, los empresarios argumentaron que \u201c<strong><em>ante los elevados costos de importaci\u00f3n, han decidido reducir la compra, achicando a\u00fan m\u00e1s la cantidad de combustible disponibl<\/em><\/strong>e\u201d, situaci\u00f3n que provoca que\u00a0<strong>las estaciones no puedan \u201c<em>alcanzar el punto de equilibrio sin p\u00e9rdidas<\/em><\/strong>\u201d. \u201c<strong><em>Hoy, un 52 por ciento de las estaciones no logra vender los 315.000 litros que hacen falta para salir empatados. Terminan en rojo<\/em><\/strong>\u201d, afirmaron.<\/span><\/p>\n<p><span style=\"color: #000000;\">Es m\u00e1s, seg\u00fan se\u00f1alaron, a esta situaci\u00f3n se suma que los costos operativos para mantener una estaci\u00f3n abierta no se congelaron, tales como los precios de los insumos y los salarios, entre otras \u00e1reas. \u201c<strong><em>Es un combo muy complejo, que pega de lleno en un sector que reci\u00e9n ahora comenzaba a ver los primeros signos de recuperaci\u00f3n<\/em><\/strong>\u201d, argumentaron desde CECHA, FECRA, CEGNC y AES. Y concluyeron: \u201c<em><strong>Necesitamos que nos vuelva a llegar combustible normalmente para evitar unas fiestas con gente amontonada en las estaciones para llenar el tanque por miedo al desabastecimiento<\/strong><\/em>\u201d.<\/span><\/p>\n","protected":false},"excerpt":{"rendered":"<p>La Confederaci\u00f3n de Entidades del Comercio de Hidrocarburos y Afines de la Rep\u00fablica Argentina (CECHA), junto a la Federaci\u00f3n de Empresarios &#8230;<\/p>\n","protected":false},"author":8,"featured_media":2299,"comment_status":"open","ping_status":"open","sticky":false,"template":"","format":"standard","meta":{"footnotes":""},"categories":[5,10],"tags":[],"class_list":["post-103437","post","type-post","status-publish","format-standard","has-post-thumbnail","hentry","category-actualidad","category-destacadas"],"_links":{"self":[{"href":"https:\/\/vinasfm.com\/noticias\/wp-json\/wp\/v2\/posts\/103437","targetHints":{"allow":["GET"]}}],"collection":[{"href":"https:\/\/vinasfm.com\/noticias\/wp-json\/wp\/v2\/posts"}],"about":[{"href":"https:\/\/vinasfm.com\/noticias\/wp-json\/wp\/v2\/types\/post"}],"author":[{"embeddable":true,"href":"https:\/\/vinasfm.com\/noticias\/wp-json\/wp\/v2\/users\/8"}],"replies":[{"embeddable":true,"href":"https:\/\/vinasfm.com\/noticias\/wp-json\/wp\/v2\/comments?post=103437"}],"version-history":[{"count":1,"href":"https:\/\/vinasfm.com\/noticias\/wp-json\/wp\/v2\/posts\/103437\/revisions"}],"predecessor-version":[{"id":103438,"href":"https:\/\/vinasfm.com\/noticias\/wp-json\/wp\/v2\/posts\/103437\/revisions\/103438"}],"wp:featuredmedia":[{"embeddable":true,"href":"https:\/\/vinasfm.com\/noticias\/wp-json\/wp\/v2\/media\/2299"}],"wp:attachment":[{"href":"https:\/\/vinasfm.com\/noticias\/wp-json\/wp\/v2\/media?parent=103437"}],"wp:term":[{"taxonomy":"category","embeddable":true,"href":"https:\/\/vinasfm.com\/noticias\/wp-json\/wp\/v2\/categories?post=103437"},{"taxonomy":"post_tag","embeddable":true,"href":"https:\/\/vinasfm.com\/noticias\/wp-json\/wp\/v2\/tags?post=103437"}],"curies":[{"name":"wp","href":"https:\/\/api.w.org\/{rel}","templated":true}]}}