{"id":103424,"date":"2021-12-21T00:01:59","date_gmt":"2021-12-21T03:01:59","guid":{"rendered":"http:\/\/vinasfm.com\/noticias\/?p=103424"},"modified":"2021-12-21T12:19:36","modified_gmt":"2021-12-21T15:19:36","slug":"el-pro-en-alvear-cerro-el-ano-con-reconocimientos-a-la-integracion-partidaria","status":"publish","type":"post","link":"https:\/\/vinasfm.com\/noticias\/el-pro-en-alvear-cerro-el-ano-con-reconocimientos-a-la-integracion-partidaria\/","title":{"rendered":"EL PRO EN ALVEAR CERR\u00d3 EL A\u00d1O CON RECONOCIMIENTOS A LA INTEGRACI\u00d3N PARTIDARIA"},"content":{"rendered":"<h4><span style=\"color: #000000;\"><strong>El equipo de Pro General Alvear cerr\u00f3 el a\u00f1o con un encuentro donde se reconoci\u00f3 el trabajo que realizaron distintos referentes del departamento durante la \u00faltima campa\u00f1a electoral. <\/strong><\/span><\/h4>\n<p><span style=\"color: #000000;\">Con la presencia de las <strong>autoridades locales del partido, se destac\u00f3 la importancia de contar con un equipo donde el inter\u00e9s grupal est\u00e1 por encima de los individuales<\/strong>, donde las lealtades individuales y las buenas conductas han logrado ser un motivo para que m\u00e1s referentes se incorporen al espacio.<\/span><\/p>\n<div id=\"attachment_103430\" style=\"width: 270px\" class=\"wp-caption alignleft\"><a href=\"http:\/\/vinasfm.com\/noticias\/wp-content\/uploads\/2021\/12\/de-nardi.jpg\"><img loading=\"lazy\" decoding=\"async\" aria-describedby=\"caption-attachment-103430\" class=\" wp-image-103430\" src=\"http:\/\/vinasfm.com\/noticias\/wp-content\/uploads\/2021\/12\/de-nardi.jpg\" alt=\"\" width=\"270\" height=\"244\" srcset=\"https:\/\/vinasfm.com\/noticias\/wp-content\/uploads\/2021\/12\/de-nardi.jpg 599w, https:\/\/vinasfm.com\/noticias\/wp-content\/uploads\/2021\/12\/de-nardi-300x271.jpg 300w\" sizes=\"auto, (max-width: 270px) 100vw, 270px\" \/><\/a><p id=\"caption-attachment-103430\" class=\"wp-caption-text\">Jorge De Nardi, Pte. del Pro en Alvear.<\/p><\/div>\n<p><span style=\"color: #000000;\">&#8216;<strong><em>El desaf\u00edo desde un comienzo fue que los integrantes del equipo por su desenvolvimiento en los \u00e1mbitos donde se desempe\u00f1an, sus valores, su vocaci\u00f3n de servicio fueran capaces de captar la atenci\u00f3n de quienes hoy tienen ganas de participar en pol\u00edtica y no lo hacen<\/em><\/strong>&#8216;,\u00a0 se\u00f1al\u00f3 el <strong>presidente del PRO en Alvear, Jorge De Nardi<\/strong>.<\/span><\/p>\n<p><span style=\"color: #000000;\">En el evento se coincidi\u00f3 que &#8216;<strong><em>estamos en el camino del fortalecimiento de un espacio donde el di\u00e1logo, los valores y la coherencia entre lo que se dice y lo que se hace son distintivos del mismo<\/em><\/strong>&#8216;.<\/span><\/p>\n<p><span style=\"color: #000000;\">La estructura del Pro permite \u00a0potenciar las habilidades de cada grupo. <strong>El grupo j\u00f3venes Pro liderado por Jorge Perez<\/strong> est\u00e1 abocado a abordar actividades que contengan a adolescentes y j\u00f3venes en situaciones de vulnerabilidad social. <strong>Alin\u00e9 Gallardo Pte. de Mujeres Pro<\/strong> coordina acciones que vinculan a distintos actores de la sociedad atendiendo necesidades donde la mirada de la mujer hacen que las soluciones sean m\u00e1s integradoras.<\/span><\/p>\n<p><span style=\"color: #000000;\">Cada simpatizante, referente y colaborador del Pro ejercita como desaf\u00edo pregonar el modo de trabajo del equipo, sus valores (la solidaridad, el acceso igualitario a la educaci\u00f3n, la salud, la vivienda y el trabajo, el premio al m\u00e9rito, la libre expresi\u00f3n de pensamiento y de acci\u00f3n).<\/span><\/p>\n<p><span style=\"color: #000000;\">&#8216;<strong><em>El equipo tiene muy claro que la forma de construir un espacio fuerte y participativo es dando lugar a personas que tienen un compromiso visible en su trabajo por el pr\u00f3jimo, dejar los discursivo para pasar a los hechos y renovar las voluntades con nuevos actores sociales<\/em><\/strong>&#8216;, puntualiz\u00f3 De Nardi.<\/span><\/p>\n<p><a href=\"http:\/\/vinasfm.com\/noticias\/wp-content\/uploads\/2021\/12\/fb954fea-b968-474d-9f48-14fc92af9b39.jpg\"><img loading=\"lazy\" decoding=\"async\" class=\"size-large wp-image-103426 aligncenter\" src=\"http:\/\/vinasfm.com\/noticias\/wp-content\/uploads\/2021\/12\/fb954fea-b968-474d-9f48-14fc92af9b39-1024x768.jpg\" alt=\"\" width=\"1024\" height=\"768\" srcset=\"https:\/\/vinasfm.com\/noticias\/wp-content\/uploads\/2021\/12\/fb954fea-b968-474d-9f48-14fc92af9b39-1024x768.jpg 1024w, https:\/\/vinasfm.com\/noticias\/wp-content\/uploads\/2021\/12\/fb954fea-b968-474d-9f48-14fc92af9b39-300x225.jpg 300w, https:\/\/vinasfm.com\/noticias\/wp-content\/uploads\/2021\/12\/fb954fea-b968-474d-9f48-14fc92af9b39-768x576.jpg 768w, https:\/\/vinasfm.com\/noticias\/wp-content\/uploads\/2021\/12\/fb954fea-b968-474d-9f48-14fc92af9b39-1536x1152.jpg 1536w, https:\/\/vinasfm.com\/noticias\/wp-content\/uploads\/2021\/12\/fb954fea-b968-474d-9f48-14fc92af9b39.jpg 1600w\" sizes=\"auto, (max-width: 1024px) 100vw, 1024px\" \/><\/a><\/p>\n","protected":false},"excerpt":{"rendered":"<p>El equipo de Pro General Alvear cerr\u00f3 el a\u00f1o con un encuentro donde se reconoci\u00f3 el trabajo que realizaron distintos referentes &#8230;<\/p>\n","protected":false},"author":8,"featured_media":103428,"comment_status":"open","ping_status":"open","sticky":false,"template":"","format":"standard","meta":{"footnotes":""},"categories":[5,7],"tags":[],"class_list":["post-103424","post","type-post","status-publish","format-standard","has-post-thumbnail","hentry","category-actualidad","category-politica"],"_links":{"self":[{"href":"https:\/\/vinasfm.com\/noticias\/wp-json\/wp\/v2\/posts\/103424","targetHints":{"allow":["GET"]}}],"collection":[{"href":"https:\/\/vinasfm.com\/noticias\/wp-json\/wp\/v2\/posts"}],"about":[{"href":"https:\/\/vinasfm.com\/noticias\/wp-json\/wp\/v2\/types\/post"}],"author":[{"embeddable":true,"href":"https:\/\/vinasfm.com\/noticias\/wp-json\/wp\/v2\/users\/8"}],"replies":[{"embeddable":true,"href":"https:\/\/vinasfm.com\/noticias\/wp-json\/wp\/v2\/comments?post=103424"}],"version-history":[{"count":3,"href":"https:\/\/vinasfm.com\/noticias\/wp-json\/wp\/v2\/posts\/103424\/revisions"}],"predecessor-version":[{"id":103432,"href":"https:\/\/vinasfm.com\/noticias\/wp-json\/wp\/v2\/posts\/103424\/revisions\/103432"}],"wp:featuredmedia":[{"embeddable":true,"href":"https:\/\/vinasfm.com\/noticias\/wp-json\/wp\/v2\/media\/103428"}],"wp:attachment":[{"href":"https:\/\/vinasfm.com\/noticias\/wp-json\/wp\/v2\/media?parent=103424"}],"wp:term":[{"taxonomy":"category","embeddable":true,"href":"https:\/\/vinasfm.com\/noticias\/wp-json\/wp\/v2\/categories?post=103424"},{"taxonomy":"post_tag","embeddable":true,"href":"https:\/\/vinasfm.com\/noticias\/wp-json\/wp\/v2\/tags?post=103424"}],"curies":[{"name":"wp","href":"https:\/\/api.w.org\/{rel}","templated":true}]}}