{"id":103333,"date":"2021-12-18T23:59:43","date_gmt":"2021-12-19T02:59:43","guid":{"rendered":"http:\/\/vinasfm.com\/noticias\/?p=103333"},"modified":"2021-12-20T11:48:34","modified_gmt":"2021-12-20T14:48:34","slug":"motociclista-alcoholizado-perdio-la-vida-al-impactar-contra-un-arbol","status":"publish","type":"post","link":"https:\/\/vinasfm.com\/noticias\/motociclista-alcoholizado-perdio-la-vida-al-impactar-contra-un-arbol\/","title":{"rendered":"MOTOCICLISTA ALCOHOLIZADO PERDI\u00d3 LA VIDA AL IMPACTAR CONTRA UN \u00c1RBOL"},"content":{"rendered":"<h4><span style=\"color: #000000;\"><strong>El siniestro fatal ocurri\u00f3 alrededor de las 6:20hs de este s\u00e1bado, un motociclista falleci\u00f3 luego de impactar contra un \u00e1rbol en Diagonal Carlos Pellegrini.<\/strong><\/span><\/h4>\n<p><span style=\"color: #000000;\">Desde <strong>Polic\u00eda Vial<\/strong> informaron a <strong>F.M. Vi\u00f1as<\/strong> que el luctuoso hecho se produjo en dicha <strong>arteria al 2200<\/strong>. El joven identificado como <em>Lucas Campos (29)<\/em> circulaba sobre una<strong> Corven 110cc<\/strong> en direcci\u00f3n al sureste a alta velocidad cuando perdi\u00f3 el dominio del rodado e<strong> impact\u00f3 contra un carolino ubicado en el lateral sur<\/strong>.<\/span><\/p>\n<p><span style=\"color: #000000;\">De acuerdo al testimonio que brindaron sus familiares a la Polic\u00eda, <strong><em>la v\u00edctima sali\u00f3 en estado de ebriedad a bordo de la motocicleta de su vivienda situada en barrio El Cald\u00e9n<\/em><\/strong>.<\/span><\/p>\n<p><span style=\"color: #000000;\">Trabaj\u00f3 en el escenario del hecho personal de Comisar\u00eda 14\u00b0, Polic\u00eda Vial y Cient\u00edfica bajo instrucci\u00f3n de la<strong> Unidad Fiscal de General Alvear<\/strong>.<\/span><\/p>\n","protected":false},"excerpt":{"rendered":"<p>El siniestro fatal ocurri\u00f3 alrededor de las 6:20hs de este s\u00e1bado, un motociclista falleci\u00f3 luego de impactar contra un \u00e1rbol en &#8230;<\/p>\n","protected":false},"author":8,"featured_media":18129,"comment_status":"open","ping_status":"open","sticky":false,"template":"","format":"standard","meta":{"footnotes":""},"categories":[5,4],"tags":[],"class_list":["post-103333","post","type-post","status-publish","format-standard","has-post-thumbnail","hentry","category-actualidad","category-policiales"],"_links":{"self":[{"href":"https:\/\/vinasfm.com\/noticias\/wp-json\/wp\/v2\/posts\/103333","targetHints":{"allow":["GET"]}}],"collection":[{"href":"https:\/\/vinasfm.com\/noticias\/wp-json\/wp\/v2\/posts"}],"about":[{"href":"https:\/\/vinasfm.com\/noticias\/wp-json\/wp\/v2\/types\/post"}],"author":[{"embeddable":true,"href":"https:\/\/vinasfm.com\/noticias\/wp-json\/wp\/v2\/users\/8"}],"replies":[{"embeddable":true,"href":"https:\/\/vinasfm.com\/noticias\/wp-json\/wp\/v2\/comments?post=103333"}],"version-history":[{"count":7,"href":"https:\/\/vinasfm.com\/noticias\/wp-json\/wp\/v2\/posts\/103333\/revisions"}],"predecessor-version":[{"id":103340,"href":"https:\/\/vinasfm.com\/noticias\/wp-json\/wp\/v2\/posts\/103333\/revisions\/103340"}],"wp:featuredmedia":[{"embeddable":true,"href":"https:\/\/vinasfm.com\/noticias\/wp-json\/wp\/v2\/media\/18129"}],"wp:attachment":[{"href":"https:\/\/vinasfm.com\/noticias\/wp-json\/wp\/v2\/media?parent=103333"}],"wp:term":[{"taxonomy":"category","embeddable":true,"href":"https:\/\/vinasfm.com\/noticias\/wp-json\/wp\/v2\/categories?post=103333"},{"taxonomy":"post_tag","embeddable":true,"href":"https:\/\/vinasfm.com\/noticias\/wp-json\/wp\/v2\/tags?post=103333"}],"curies":[{"name":"wp","href":"https:\/\/api.w.org\/{rel}","templated":true}]}}