{"id":103096,"date":"2021-12-16T05:29:28","date_gmt":"2021-12-16T08:29:28","guid":{"rendered":"http:\/\/vinasfm.com\/noticias\/?p=103096"},"modified":"2021-12-16T18:59:31","modified_gmt":"2021-12-16T21:59:31","slug":"costanera-alvear-el-lugar-ideal-para-disfrutar-la-temporada-2021-2022","status":"publish","type":"post","link":"https:\/\/vinasfm.com\/noticias\/costanera-alvear-el-lugar-ideal-para-disfrutar-la-temporada-2021-2022\/","title":{"rendered":"COSTANERA ALVEAR, EL LUGAR IDEAL PARA DISFRUTAR LA TEMPORADA 2021-2022"},"content":{"rendered":"<h4><span style=\"color: #000000;\"><strong>Desde el pasado viernes comenz\u00f3 la temporada de verano 2021-2022 en Costanera Alvear, lugar que fue acondicionado durante el a\u00f1o para la realizaci\u00f3n de diversas actividades y espect\u00e1culos, tanto para turistas como alvearenses que ya pueden disfrutar de este gran atractivo del verano.<\/strong><\/span><\/h4>\n<p><span style=\"color: #000000;\">En di\u00e1logo con <em><strong>F.M. VI\u00d1AS, la Directora de Turismo Fabiana Gonz\u00e1lez expres\u00f3: &#8216;Felices de invitarlos al inicio de la temporada de Costanera Alvear, que abre sus puertas para todo Alvear y todos los turistas que visitan las instalaciones y una infraestructura puesta en valor&#8217;<\/strong><\/em>. Las puertas ya est\u00e1n abiertas, las entradas tendr\u00e1n un costo de $100 por persona y los menores de 12 a\u00f1os no pagar\u00e1n.<\/span><\/p>\n<p><span style=\"color: #000000;\"><em><strong>&#8216;Podr\u00e1n usar los kinchos, las churrasqueras, los ba\u00f1os y las ampliacion de las playas, tenemos playa 1 y playa 2 la intenci\u00f3n es que la gente pueda disfrutar de la naturaleza, de aire puro, de nuestras espacios&#8217;<\/strong><\/em>, se\u00f1al\u00f3. En ese sentido, mejoraron las instalaciones y trabajaron en la forestaci\u00f3n con m\u00e1s de 170 \u00e1rboles.<\/span><\/p>\n<p><span style=\"color: #000000;\">Con el ingreso p<strong>odr\u00e1n usar las canchas de f\u00fatbol, de voley, las canchas de voley tambi\u00e9n se cuenta con pelotas y juegos que no tienen costo<\/strong>. <strong>Costanera Alvear estar\u00e1 abierta todos los d\u00edas de las 11 hs hasta las 22hs y los d\u00edas s\u00e1bado y domingos cuando se programen eventos tendr\u00e1 horarios extendido<\/strong>. Por otra parte, cabe destacar que volver\u00e1 a funcionar el Viejo Vag\u00f3n, con oferta de bebidas y comidas en el lugar.<\/span><\/p>\n<p><span style=\"color: #000000;\">\u2022C.F.<\/span><\/p>\n","protected":false},"excerpt":{"rendered":"<p>Desde el pasado viernes comenz\u00f3 la temporada de verano 2021-2022 en Costanera Alvear, lugar que fue acondicionado durante el a\u00f1o para &#8230;<\/p>\n","protected":false},"author":8,"featured_media":69436,"comment_status":"open","ping_status":"open","sticky":false,"template":"","format":"standard","meta":{"footnotes":""},"categories":[5,10],"tags":[],"class_list":["post-103096","post","type-post","status-publish","format-standard","has-post-thumbnail","hentry","category-actualidad","category-destacadas"],"_links":{"self":[{"href":"https:\/\/vinasfm.com\/noticias\/wp-json\/wp\/v2\/posts\/103096","targetHints":{"allow":["GET"]}}],"collection":[{"href":"https:\/\/vinasfm.com\/noticias\/wp-json\/wp\/v2\/posts"}],"about":[{"href":"https:\/\/vinasfm.com\/noticias\/wp-json\/wp\/v2\/types\/post"}],"author":[{"embeddable":true,"href":"https:\/\/vinasfm.com\/noticias\/wp-json\/wp\/v2\/users\/8"}],"replies":[{"embeddable":true,"href":"https:\/\/vinasfm.com\/noticias\/wp-json\/wp\/v2\/comments?post=103096"}],"version-history":[{"count":6,"href":"https:\/\/vinasfm.com\/noticias\/wp-json\/wp\/v2\/posts\/103096\/revisions"}],"predecessor-version":[{"id":103199,"href":"https:\/\/vinasfm.com\/noticias\/wp-json\/wp\/v2\/posts\/103096\/revisions\/103199"}],"wp:featuredmedia":[{"embeddable":true,"href":"https:\/\/vinasfm.com\/noticias\/wp-json\/wp\/v2\/media\/69436"}],"wp:attachment":[{"href":"https:\/\/vinasfm.com\/noticias\/wp-json\/wp\/v2\/media?parent=103096"}],"wp:term":[{"taxonomy":"category","embeddable":true,"href":"https:\/\/vinasfm.com\/noticias\/wp-json\/wp\/v2\/categories?post=103096"},{"taxonomy":"post_tag","embeddable":true,"href":"https:\/\/vinasfm.com\/noticias\/wp-json\/wp\/v2\/tags?post=103096"}],"curies":[{"name":"wp","href":"https:\/\/api.w.org\/{rel}","templated":true}]}}