{"id":103057,"date":"2021-12-15T12:41:07","date_gmt":"2021-12-15T15:41:07","guid":{"rendered":"http:\/\/vinasfm.com\/noticias\/?p=103057"},"modified":"2021-12-15T19:38:10","modified_gmt":"2021-12-15T22:38:10","slug":"alvear-cuenta-con-distintos-programas-que-benefician-a-vecinos-del-departamento","status":"publish","type":"post","link":"https:\/\/vinasfm.com\/noticias\/alvear-cuenta-con-distintos-programas-que-benefician-a-vecinos-del-departamento\/","title":{"rendered":"ALVEAR CUENTA CON DISTINTOS PROGRAMAS QUE BENEFICIAN A VECINOS DEL DEPARTAMENTO"},"content":{"rendered":"<h4><span style=\"color: #000000;\"><strong>El Director de Contingencias Sociales, inform\u00f3 acerca de los programas de beneficios que se est\u00e1n llevando a cabo en nuestro departamento, como la garrafa a precio subsidiado, la atenci\u00f3n descentralizada de los servicios sociales en diferentes puntos del departamento, el sistema de ayudas sociales y el Programa Incluir Salud a cargo de Abd\u00edas Garr\u00e9.<\/strong><\/span><\/h4>\n<p><span style=\"color: #000000;\">En General Alvear se ofrecen distintos programas de beneficios para los vecinos del departamento, entre ellos la garrafa social, que en el \u00faltimo mes tuvo una venta de 500 garrafas: \u201c<strong><em>Se agreg\u00f3 el punto del Mercado Municipal, lo que nos dio un margen de convocatoria m\u00e1s grande. Es bueno destacar que se va a trabajar el jueves 23 y el jueves 30<\/em><\/strong>\u201d explic\u00f3 el <strong>Director de Contingencias Leonardo Zarategui.<\/strong><\/span><\/p>\n<p><span style=\"color: #000000;\">Zarategui se refiri\u00f3 tambi\u00e9n a los servicios descentralizados que se ofrecen los d\u00edas lunes y martes en el SUM del Barrio Soemga y el Barrio El Parque, los mi\u00e9rcoles se trabaja en el SUM del Barrio Zangrandi, los jueves desde la delegaci\u00f3n de Alvear Oeste, jueves y viernes en Barrio Los Ranqueles y Barrio San Carlos: \u201c<strong><em>Estos d\u00edas contamos con asesoramiento de nuestra abogada y del Coordinador de Incluir Salud en el departamento, adem\u00e1s de nuestra asistente<\/em><\/strong>\u201d dijo.<\/span><\/p>\n<p><span style=\"color: #000000;\">Estos servicios est\u00e1n destinados a familias carenciadas, con el objetivo de que no tengan que acercarse hasta el centro de la Ciudad a realizar los tr\u00e1mites sino que puedan llevarlos adelante desde la comodidad de su hogar.<\/span><\/p>\n<p><span style=\"color: #000000;\"><strong>Abd\u00edas Garr\u00e9, Coordinador del Programa Incluir Salud<\/strong>, detall\u00f3 de qu\u00e9 se trata el Programa Incluir Salud: \u201c<strong><em>No es una obra social, sino que lo que se busca es el fortalecimiento de la atenci\u00f3n sanitaria de los vecinos. Los beneficiarios de este programa son los titulares de pensiones no contributivas que no cuenten con obra social<\/em><\/strong>\u201d.<\/span><\/p>\n<p><span style=\"color: #000000;\">Es de destacar que el <strong>Programa Incluir Salud<\/strong> cuenta con una oficina dentro de la Direcci\u00f3n de Contingencias, mediante este programa se puede acceder a medicamentos, pr\u00f3tesis y otros beneficios sanitarios.<\/span><\/p>\n<h5><span style=\"color: #000000;\">\u2022F.B.<\/span><\/h5>\n","protected":false},"excerpt":{"rendered":"<p>El Director de Contingencias Sociales, inform\u00f3 acerca de los programas de beneficios que se est\u00e1n llevando a cabo en nuestro departamento, &#8230;<\/p>\n","protected":false},"author":8,"featured_media":103061,"comment_status":"open","ping_status":"open","sticky":false,"template":"","format":"standard","meta":{"footnotes":""},"categories":[5,10],"tags":[],"class_list":["post-103057","post","type-post","status-publish","format-standard","has-post-thumbnail","hentry","category-actualidad","category-destacadas"],"_links":{"self":[{"href":"https:\/\/vinasfm.com\/noticias\/wp-json\/wp\/v2\/posts\/103057","targetHints":{"allow":["GET"]}}],"collection":[{"href":"https:\/\/vinasfm.com\/noticias\/wp-json\/wp\/v2\/posts"}],"about":[{"href":"https:\/\/vinasfm.com\/noticias\/wp-json\/wp\/v2\/types\/post"}],"author":[{"embeddable":true,"href":"https:\/\/vinasfm.com\/noticias\/wp-json\/wp\/v2\/users\/8"}],"replies":[{"embeddable":true,"href":"https:\/\/vinasfm.com\/noticias\/wp-json\/wp\/v2\/comments?post=103057"}],"version-history":[{"count":3,"href":"https:\/\/vinasfm.com\/noticias\/wp-json\/wp\/v2\/posts\/103057\/revisions"}],"predecessor-version":[{"id":103137,"href":"https:\/\/vinasfm.com\/noticias\/wp-json\/wp\/v2\/posts\/103057\/revisions\/103137"}],"wp:featuredmedia":[{"embeddable":true,"href":"https:\/\/vinasfm.com\/noticias\/wp-json\/wp\/v2\/media\/103061"}],"wp:attachment":[{"href":"https:\/\/vinasfm.com\/noticias\/wp-json\/wp\/v2\/media?parent=103057"}],"wp:term":[{"taxonomy":"category","embeddable":true,"href":"https:\/\/vinasfm.com\/noticias\/wp-json\/wp\/v2\/categories?post=103057"},{"taxonomy":"post_tag","embeddable":true,"href":"https:\/\/vinasfm.com\/noticias\/wp-json\/wp\/v2\/tags?post=103057"}],"curies":[{"name":"wp","href":"https:\/\/api.w.org\/{rel}","templated":true}]}}