{"id":103031,"date":"2021-12-15T23:59:45","date_gmt":"2021-12-16T02:59:45","guid":{"rendered":"http:\/\/vinasfm.com\/noticias\/?p=103031"},"modified":"2021-12-16T12:29:20","modified_gmt":"2021-12-16T15:29:20","slug":"el-diputado-difonso-impulsa-la-creacion-de-una-caja-de-jubilacion-docente-en-mendoza","status":"publish","type":"post","link":"https:\/\/vinasfm.com\/noticias\/el-diputado-difonso-impulsa-la-creacion-de-una-caja-de-jubilacion-docente-en-mendoza\/","title":{"rendered":"EL DIPUTADO DIFONSO IMPULSA LA CREACI\u00d3N DE UNA CAJA DE JUBILACI\u00d3N DOCENTE EN MENDOZA"},"content":{"rendered":"<h4><span style=\"color: #000000;\"><strong>El diputado provincial Jorge Difonso (Frente Renovador) elabor\u00f3 un proyecto que plantea la creaci\u00f3n de la caja de previsi\u00f3n social docente en Mendoza para que los educadores accedan a la jubilaci\u00f3n tras 25 a\u00f1os de servicio, es decir, antes de lo que establece la legislaci\u00f3n nacional a la que adhiri\u00f3 nuestra provincia en 1996.<\/strong><\/span><\/h4>\n<p><span style=\"color: #000000;\">Sobre esta iniciativa se refiri\u00f3 el ex intendente de San Carlos en di\u00e1logo con <strong>F.M. VI\u00d1AS<\/strong>, en el marco de su visita a nuestro departamento, esgrimiendo los fundamentos para que <strong>los docente puedan alcanzar el beneficio jubilatorio<\/strong>, sin importar la edad, <strong>cumpliendo 25 a\u00f1os al frente de las aulas<\/strong>: &#8216;<strong><em>Estamos trabajando un proyecto de jubilaci\u00f3n docente para equiparar lo que ocurre en otras provincias como en Buenos Aires y Santa Fe que mantienen el sistema que jubilaci\u00f3n docente a los 25 a\u00f1os de servicio independientemente de la edad pero desde que Mendoza transfiri\u00f3 la caja a la naci\u00f3n sus docentes deben terminar con 57 a\u00f1os<\/em><\/strong>&#8216;, explic\u00f3.<\/span><\/p>\n<div id=\"attachment_103035\" style=\"width: 303px\" class=\"wp-caption alignleft\"><a style=\"color: #000000;\" href=\"http:\/\/vinasfm.com\/noticias\/wp-content\/uploads\/2021\/12\/466e1b97-1c6b-4b78-8544-ba65c30aeec0.jpg\"><img loading=\"lazy\" decoding=\"async\" aria-describedby=\"caption-attachment-103035\" class=\" wp-image-103035\" src=\"http:\/\/vinasfm.com\/noticias\/wp-content\/uploads\/2021\/12\/466e1b97-1c6b-4b78-8544-ba65c30aeec0-1024x768.jpg\" alt=\"\" width=\"303\" height=\"227\" srcset=\"https:\/\/vinasfm.com\/noticias\/wp-content\/uploads\/2021\/12\/466e1b97-1c6b-4b78-8544-ba65c30aeec0-1024x768.jpg 1024w, https:\/\/vinasfm.com\/noticias\/wp-content\/uploads\/2021\/12\/466e1b97-1c6b-4b78-8544-ba65c30aeec0-300x225.jpg 300w, https:\/\/vinasfm.com\/noticias\/wp-content\/uploads\/2021\/12\/466e1b97-1c6b-4b78-8544-ba65c30aeec0-768x576.jpg 768w, https:\/\/vinasfm.com\/noticias\/wp-content\/uploads\/2021\/12\/466e1b97-1c6b-4b78-8544-ba65c30aeec0-1536x1153.jpg 1536w, https:\/\/vinasfm.com\/noticias\/wp-content\/uploads\/2021\/12\/466e1b97-1c6b-4b78-8544-ba65c30aeec0.jpg 1599w\" sizes=\"auto, (max-width: 303px) 100vw, 303px\" \/><\/a><p id=\"caption-attachment-103035\" class=\"wp-caption-text\"><span style=\"color: #000000;\">Diputado Difonso en el estudio de F.M. Vi\u00f1as.<\/span><\/p><\/div>\n<p><span style=\"color: #000000;\">En sus argumentos sostuvo que en Mendoza hay docentes que ya han cumplido 30 a\u00f1os de servicio concluyendo un ciclo y en &#8216;<strong><em>los \u00faltimos a\u00f1os normalmente por distintas circunstancias de salud, reemplazo y doble cargo, del que debe hacerse cargo al provincia, planteamos volver al sistema anterior y que el docente reci\u00e9n recibido pueda acceder a su titularidad y no se pague doble cargo. Estamos plante\u00e1ndolo y hablando con docentes de toda la provincia y ser\u00eda muy justo que se implemente<\/em><\/strong>&#8216;.<\/span><\/p>\n<p><span style=\"color: #000000;\">En este sentido el legislador consider\u00f3 que &#8216;<strong><em>la educaci\u00f3n viene en l\u00ednea descendente producto de la coyuntura, no por el nivel de nuestros docentes, sino por el olvido que sufren muchas veces por eso queremos reconocer la labor de quienes han trabajado y de quienes est\u00e1n por comenzar a desarrollar la docencia por eso <\/em><em>nos estamos animando a plantear reformas que son importantes<\/em><\/strong>&#8216;.<\/span><\/p>\n<p><a href=\"http:\/\/vinasfm.com\/noticias\/wp-content\/uploads\/2021\/12\/difonso-e1639523656647.png\"><img loading=\"lazy\" decoding=\"async\" class=\"wp-image-103040 size-full aligncenter\" src=\"http:\/\/vinasfm.com\/noticias\/wp-content\/uploads\/2021\/12\/difonso-e1639523656647.png\" alt=\"\" width=\"494\" height=\"461\" srcset=\"https:\/\/vinasfm.com\/noticias\/wp-content\/uploads\/2021\/12\/difonso-e1639523656647.png 494w, https:\/\/vinasfm.com\/noticias\/wp-content\/uploads\/2021\/12\/difonso-e1639523656647-300x280.png 300w\" sizes=\"auto, (max-width: 494px) 100vw, 494px\" \/><\/a><\/p>\n<p><span style=\"color: #000000;\">Consultado si el resto de los miembros de la Legislatura han expresado su apoyo al proyecto, Difonso asegur\u00f3: &#8216;<strong><em>En algunos temas ten\u00e9s incidencia, en otros lo estamos discutiendo y por eso lo estamos transmitiendo en todos los departamentos de la provincia para tener a los sectores involucrados en pleno conocimiento y hacer una reform<\/em><em>a<\/em><\/strong>&#8216;, y en la misma l\u00ednea subray\u00f3 que espera que la nuevas autoridades del <strong>SUTE<\/strong> acompa\u00f1en la iniciativa &#8216;<strong><em>ayudando a conseguirla tal cual lo plantea un docente com\u00fan, un docente que no est\u00e1 en el sindicato, que no se representa a esta l\u00ednea que es la gran mayor\u00eda, por las redes se comunican conmigo y est\u00e1n apoyando por lo que me parece que el sindicato se va a tener que poner a esa l\u00ednea<\/em><\/strong>&#8216;.<\/span><\/p>\n<h4><span style=\"color: #000000;\"><strong>UNIDOS EN LA LUCHA POR LA DEFENSA DE LA LEY 7722<\/strong><\/span><\/h4>\n<p><span style=\"color: #000000;\">Como cacique sancarlino y como legislador, <strong>Jorge Difonso ha sido f\u00e9rreo defensor de la Ley 7.722 al igual que el pueblo de San Carlos<\/strong> que junto a los alvearenses <strong>han velado siempre por la protecci\u00f3n de nuestro recurso h\u00eddric<\/strong>o. Desde el estudio de F.M. Vi\u00f1as observ\u00f3 la <strong>plaza departamental<\/strong> Carlos Mar\u00eda de Alvear y record\u00f3: &#8216;<strong><em>Esta plaza que tenemos ac\u00e1 vista me trae recuerdos muy lindos, recuerdos de compartir con mucha gente de General Alvear, de San Rafael y del Valle de Uco distintas luchas, pensamientos y angustias que se superaron pero nos mantienen atento<\/em><\/strong><em><strong>s<\/strong>&#8216;.<\/em><\/span><\/p>\n<p><span style=\"color: #000000;\">Asegur\u00f3 que la lucha &#8216;<strong><em>no termin\u00f3 nunca<\/em><\/strong>&#8216; y cuando la modificaron &#8216;<strong><em>tuvieron que volver para atr\u00e1s y esto es gracias a los pueblos que han tomado como propia esta bandera. Ya no es solo el pueblo de General Alvear, Valle de Uco o San Carlos porque creo que en el Gran Mendoza han entendido que Mendoza est\u00e1 en una sequ\u00eda muy grande y hay que cuidar la legislaci\u00f3n que protege el agu<\/em><\/strong>a&#8217;.<\/span><\/p>\n<p><span style=\"color: #000000;\">Luego del dictamen de la <a href=\"http:\/\/vinasfm.com\/noticias\/la-corte-de-justicia-de-la-nacion-elimino-un-parrafo-de-la-ley-7722\/\">Corte Suprema de Justicia<\/a>, consign\u00f3 que &#8216;<strong><em>si se modifica la ley tiene que ser m\u00e1s rigurosa que la anterior, no puede volver para atr\u00e1s y en ese criterio ante algunas estipulaciones con base cient\u00edfica y t\u00e9cnica que dicen pongan tambi\u00e9n este otro elemento hay que estudiarlo y avanzar pero siempre en forma de principio de cuidado del agua y no sacar controles sino poner m\u00e1s<\/em><\/strong>&#8216;.<\/span><\/p>\n<p><span style=\"color: #000000;\">&#8216;<strong><em>Es una discusi\u00f3n permanente en cuanto al modelo de desarrollo de la Argentina, si queremos un modelo con inclusi\u00f3n que sea sustentable pensando en las generaciones futuras o un modela extractivita<\/em><\/strong>&#8216;, destac\u00f3.<\/span><\/p>\n<p><span style=\"color: #000000;\">P\u00e1rrafo aparte respondi\u00f3 que desde el Partido Dem\u00f3crata generaron un partido propio que es uni\u00f3n popular, &#8216;<strong><em>estamos en Cambia Mendoza pero no somos radicales&#8217;<\/em><\/strong>, y respecto a la autonom\u00eda dentro de la coalici\u00f3n gobernante indic\u00f3: &#8216;<strong><em>Con mucha fuerza lo estamos sosteniendo. El tema de los partidos creo que a partir del 2001 ya no son lo que eran antes, ac\u00e1 est\u00e1n los equipos y ah\u00ed est\u00e1 nuestra forma de trabajo y lo hicimos en el departamento de San Carlos y as\u00ed lo hacemos ahora en la provincia<\/em><\/strong>&#8216;<\/span><\/p>\n<h4><span style=\"color: #000000;\"><strong>REACTIVACI\u00d3N DEL FERROCARRIL SARMIENTO<\/strong><\/span><\/h4>\n<p><span style=\"color: #000000;\">Adem\u00e1s, <strong>Difonso fue recibido por el Intendente Walther Marcolini<\/strong> para comprometerse a trabajar en conjunto por la <strong>reactivaci\u00f3n del Ferrocarril Sarmiento<\/strong>, incorporando los avances del proyecto del Consorcio Ferroviario Uni\u00f3n Pac\u00edfico, al Master Plan del Diputado, que busca volver a poner en funcionamiento los antiguos ramales ferroviarios de Mendoza.<\/span><\/p>\n<p><span style=\"color: #000000;\"><a style=\"color: #000000;\" href=\"http:\/\/vinasfm.com\/noticias\/wp-content\/uploads\/2021\/12\/d212afef-abe9-44be-833c-0c7450cef75e.jpg\"><img loading=\"lazy\" decoding=\"async\" class=\" wp-image-103033 aligncenter\" src=\"http:\/\/vinasfm.com\/noticias\/wp-content\/uploads\/2021\/12\/d212afef-abe9-44be-833c-0c7450cef75e-1024x768.jpg\" alt=\"\" width=\"504\" height=\"377\" srcset=\"https:\/\/vinasfm.com\/noticias\/wp-content\/uploads\/2021\/12\/d212afef-abe9-44be-833c-0c7450cef75e-1024x768.jpg 1024w, https:\/\/vinasfm.com\/noticias\/wp-content\/uploads\/2021\/12\/d212afef-abe9-44be-833c-0c7450cef75e-300x225.jpg 300w, https:\/\/vinasfm.com\/noticias\/wp-content\/uploads\/2021\/12\/d212afef-abe9-44be-833c-0c7450cef75e-768x576.jpg 768w, https:\/\/vinasfm.com\/noticias\/wp-content\/uploads\/2021\/12\/d212afef-abe9-44be-833c-0c7450cef75e-1536x1152.jpg 1536w, https:\/\/vinasfm.com\/noticias\/wp-content\/uploads\/2021\/12\/d212afef-abe9-44be-833c-0c7450cef75e.jpg 1600w\" sizes=\"auto, (max-width: 504px) 100vw, 504px\" \/><\/a><\/span><\/p>\n<h5><span style=\"color: #000000;\">\u2022F.B. (F.M. Vi\u00f1as).<\/span><\/h5>\n","protected":false},"excerpt":{"rendered":"<p>El diputado provincial Jorge Difonso (Frente Renovador) elabor\u00f3 un proyecto que plantea la creaci\u00f3n de la caja de previsi\u00f3n social docente &#8230;<\/p>\n","protected":false},"author":8,"featured_media":103032,"comment_status":"open","ping_status":"open","sticky":false,"template":"","format":"standard","meta":{"footnotes":""},"categories":[5,10],"tags":[],"class_list":["post-103031","post","type-post","status-publish","format-standard","has-post-thumbnail","hentry","category-actualidad","category-destacadas"],"_links":{"self":[{"href":"https:\/\/vinasfm.com\/noticias\/wp-json\/wp\/v2\/posts\/103031","targetHints":{"allow":["GET"]}}],"collection":[{"href":"https:\/\/vinasfm.com\/noticias\/wp-json\/wp\/v2\/posts"}],"about":[{"href":"https:\/\/vinasfm.com\/noticias\/wp-json\/wp\/v2\/types\/post"}],"author":[{"embeddable":true,"href":"https:\/\/vinasfm.com\/noticias\/wp-json\/wp\/v2\/users\/8"}],"replies":[{"embeddable":true,"href":"https:\/\/vinasfm.com\/noticias\/wp-json\/wp\/v2\/comments?post=103031"}],"version-history":[{"count":6,"href":"https:\/\/vinasfm.com\/noticias\/wp-json\/wp\/v2\/posts\/103031\/revisions"}],"predecessor-version":[{"id":103042,"href":"https:\/\/vinasfm.com\/noticias\/wp-json\/wp\/v2\/posts\/103031\/revisions\/103042"}],"wp:featuredmedia":[{"embeddable":true,"href":"https:\/\/vinasfm.com\/noticias\/wp-json\/wp\/v2\/media\/103032"}],"wp:attachment":[{"href":"https:\/\/vinasfm.com\/noticias\/wp-json\/wp\/v2\/media?parent=103031"}],"wp:term":[{"taxonomy":"category","embeddable":true,"href":"https:\/\/vinasfm.com\/noticias\/wp-json\/wp\/v2\/categories?post=103031"},{"taxonomy":"post_tag","embeddable":true,"href":"https:\/\/vinasfm.com\/noticias\/wp-json\/wp\/v2\/tags?post=103031"}],"curies":[{"name":"wp","href":"https:\/\/api.w.org\/{rel}","templated":true}]}}