{"id":102897,"date":"2021-12-13T08:40:09","date_gmt":"2021-12-13T11:40:09","guid":{"rendered":"http:\/\/vinasfm.com\/noticias\/?p=102897"},"modified":"2021-12-13T19:01:52","modified_gmt":"2021-12-13T22:01:52","slug":"con-gran-convocatoria-se-disputo-un-nuevo-torneo-de-tenis-de-mesa-en-el-polideportivo-deportistas-alvearenses","status":"publish","type":"post","link":"https:\/\/vinasfm.com\/noticias\/con-gran-convocatoria-se-disputo-un-nuevo-torneo-de-tenis-de-mesa-en-el-polideportivo-deportistas-alvearenses\/","title":{"rendered":"CON GRAN CONVOCATORIA SE DISPUT\u00d3 UN NUEVO TORNEO DE TENIS DE MESA EN EL POLIDEPORTIVO DEPORTISTAS ALVEARENSES"},"content":{"rendered":"<h4><strong><span style=\"color: #000000;\">El pasado domingo se desarroll\u00f3 en el Polideportivo Municipal Deportistas Alvearenses, el Torneo de Tenis de Mesa General Alvear, con 25 deportistas inscriptos en las categor\u00edas juveniles, hasta 16 a\u00f1os, y mayores de 16 a\u00f1os.<\/span><\/strong><\/h4>\n<p><span style=\"color: #000000;\">En el marco de un <strong>nuevo evento para potenciar al Tenis de Mesa, la Direcci\u00f3n de Deportes organiz\u00f3 un torneo exclusivo para jugadores del \u00e1mbito local<\/strong>. Con una importante participaci\u00f3n en categor\u00edas Juveniles y Mayores, estos fueron los podios:<\/span><\/p>\n<p><span style=\"color: #000000;\"><strong>Categor\u00eda Mayores:<\/strong><\/span><br \/>\n<span style=\"color: #000000;\">1- Marcos Cortez<\/span><br \/>\n<span style=\"color: #000000;\">2- Emiliano Sorichetti<\/span><br \/>\n<span style=\"color: #000000;\">3- Juli\u00e1n Olgu\u00edn<\/span><br \/>\n<span style=\"color: #000000;\">4- Emanuel Pa\u00e9z<\/span><\/p>\n<p><span style=\"color: #000000;\"><strong>Categor\u00eda Juveniles:<\/strong><\/span><br \/>\n<span style=\"color: #000000;\">1- Juan Pablo P\u00e9rez<\/span><br \/>\n<span style=\"color: #000000;\">2- Juli\u00e1n Aguirre<\/span><br \/>\n<span style=\"color: #000000;\">3- Paulo Varas<\/span><br \/>\n<span style=\"color: #000000;\">4- Francisco Reta<\/span><\/p>\n","protected":false},"excerpt":{"rendered":"<p>El pasado domingo se desarroll\u00f3 en el Polideportivo Municipal Deportistas Alvearenses, el Torneo de Tenis de Mesa General Alvear, con 25 &#8230;<\/p>\n","protected":false},"author":7,"featured_media":102900,"comment_status":"open","ping_status":"open","sticky":false,"template":"","format":"standard","meta":{"footnotes":""},"categories":[5,3],"tags":[],"class_list":["post-102897","post","type-post","status-publish","format-standard","has-post-thumbnail","hentry","category-actualidad","category-deportes"],"_links":{"self":[{"href":"https:\/\/vinasfm.com\/noticias\/wp-json\/wp\/v2\/posts\/102897","targetHints":{"allow":["GET"]}}],"collection":[{"href":"https:\/\/vinasfm.com\/noticias\/wp-json\/wp\/v2\/posts"}],"about":[{"href":"https:\/\/vinasfm.com\/noticias\/wp-json\/wp\/v2\/types\/post"}],"author":[{"embeddable":true,"href":"https:\/\/vinasfm.com\/noticias\/wp-json\/wp\/v2\/users\/7"}],"replies":[{"embeddable":true,"href":"https:\/\/vinasfm.com\/noticias\/wp-json\/wp\/v2\/comments?post=102897"}],"version-history":[{"count":4,"href":"https:\/\/vinasfm.com\/noticias\/wp-json\/wp\/v2\/posts\/102897\/revisions"}],"predecessor-version":[{"id":102919,"href":"https:\/\/vinasfm.com\/noticias\/wp-json\/wp\/v2\/posts\/102897\/revisions\/102919"}],"wp:featuredmedia":[{"embeddable":true,"href":"https:\/\/vinasfm.com\/noticias\/wp-json\/wp\/v2\/media\/102900"}],"wp:attachment":[{"href":"https:\/\/vinasfm.com\/noticias\/wp-json\/wp\/v2\/media?parent=102897"}],"wp:term":[{"taxonomy":"category","embeddable":true,"href":"https:\/\/vinasfm.com\/noticias\/wp-json\/wp\/v2\/categories?post=102897"},{"taxonomy":"post_tag","embeddable":true,"href":"https:\/\/vinasfm.com\/noticias\/wp-json\/wp\/v2\/tags?post=102897"}],"curies":[{"name":"wp","href":"https:\/\/api.w.org\/{rel}","templated":true}]}}