{"id":102755,"date":"2021-12-10T23:59:51","date_gmt":"2021-12-11T02:59:51","guid":{"rendered":"http:\/\/vinasfm.com\/noticias\/?p=102755"},"modified":"2021-12-11T11:39:43","modified_gmt":"2021-12-11T14:39:43","slug":"cuales-son-cambios-obras-y-avances-tecnologicos-con-los-que-alvear-encarara-el-2022","status":"publish","type":"post","link":"https:\/\/vinasfm.com\/noticias\/cuales-son-cambios-obras-y-avances-tecnologicos-con-los-que-alvear-encarara-el-2022\/","title":{"rendered":"CU\u00c1LES SON CAMBIOS, OBRAS Y AVANCES TECNOL\u00d3GICOS CON LOS QUE ALVEAR ENCARAR\u00c1 EL 2022"},"content":{"rendered":"<h4><span style=\"color: #000000;\"><strong>Adem\u00e1s de dar a conocer los nombres de los funcionarios que comenzar\u00e1n a trabajar en el gabinete municipal a partir de este 20 de diciembre, el Jefe Comunal confirm\u00f3 la puesta en marcha de los programas Impactar y Nodos del Conocimiento y realiz\u00f3 anuncios correspondientes a la Direcci\u00f3n de Obras P\u00fablicas.<\/strong><\/span><\/h4>\n<p><span style=\"color: #000000;\">Retomando la importancia que tiene la obra p\u00fablica para el desarrollo del departamento, el Ejecutivo inform\u00f3: \u201c<em><strong>Recientemente ha sido realizada la licitaci\u00f3n para el Jard\u00edn Rosarito de Luz de Bowen, que es una obra significativa de 1000m2 cubiertos y cuya inversi\u00f3n ser\u00e1 de 130 millones de pesos e inicia en enero.<\/strong> <strong>Por otra parte, el d\u00eda 16 de diciembre se realiza la licitaci\u00f3n para la escuela Ana Mar\u00eda Polito de Foindella en el marco del edificio integrado de UGACOOP. Este es un compromiso que asumimos con el gobernador Rodolfo Su\u00e1rez el pasado mes de septiembre y que ha permitido un avance sustancial para lo que va a ser el polo educativo que quedar\u00e1 para la posteridad. Hemos enviado el presupuesto al HCD que lo est\u00e1 analizando, que est\u00e1 haciendo su estudio y esperamos sea aprobado como tal<\/strong><\/em>\u201d.<\/span><\/p>\n<p><span style=\"color: #000000;\">La Provincia de Mendoza, a trav\u00e9s de la ley de presupuesto, ha destinado 3 mil millones de pesos para fortalecer a los municipios en la obra p\u00fablica: \u201c<em><strong>De eso en la distribuci\u00f3n nos corresponden, seg\u00fan los \u00edndices de coparticipaci\u00f3n y si tenemos el aval legislativo, 112 millones de pesos.<\/strong> <strong>En caso de conseguir el aval del HCD, hemos dispuesto con nuestros Secretarios y el Director de Obras P\u00fablicas, que la totalidad ser\u00e1 destinada a la recomposici\u00f3n y construcci\u00f3n de asfaltos en distintas zonas del departamento en las que tenemos necesidad de incrementar lo que se ha hecho<\/strong><\/em>\u201d.<\/span><\/p>\n<p><span style=\"color: #000000;\">En materia de desarrollo econ\u00f3mico se han obtenido algunas concreciones de gestiones que se vienen realizando hace tiempo con el Gobierno Nacional. En este marco, el <strong>Intendente Walther Marcolini<\/strong>, anunci\u00f3 la puesta en marcha de dos importantes programas para el departamento, se trata de \u201cImpaCT.Ar\u201d y \u201cNodos del Conocimiento\u201d.<\/span><\/p>\n<p><span style=\"color: #000000;\">Por un lado se ha conseguido el<strong><em> \u201cPrograma ImpaCT.Ar\u201d<\/em> <\/strong>que present\u00f3 la Secretar\u00eda de Desarrollo Econ\u00f3mico. El mismo pretende promover proyectos de investigaci\u00f3n y desarrollo que brinden apoyo a organismos p\u00fablicos en la b\u00fasqueda de soluciones a desaf\u00edos que son de inter\u00e9s p\u00fablico. En este sentido, \u201c<strong><em>se aprobaron 8 millones y medio de pesos para el estudio de la desalinizaci\u00f3n del agua en nuestra zona. Esto implica una continuidad y ampliar el programa de recuperaci\u00f3n de pozos que tenemos en marcha. Este trabajo lo realizar\u00e1 la Universidad Nacional de Cuyo, la fundaci\u00f3n FUNDASUR y el CONICET<\/em><\/strong>\u201d, destac\u00f3 el Intendente.<\/span><\/p>\n<p><span style=\"color: #000000;\">Por otra parte, se ha logrado aplicar al programa \u201c<strong><em>Nodos de la Econom\u00eda del Conocimiento<\/em><\/strong>\u201d, que busca promover la conformaci\u00f3n y consolidaci\u00f3n de agrupamientos de empresas e instituciones dedicadas a la producci\u00f3n de bienes y servicios de la Econom\u00eda del Conocimiento que dinamicen, diversifiquen y fortalezcan las econom\u00edas regionales. \u201c<strong><em>Mediante este programa el Ministerio de Producci\u00f3n de la Naci\u00f3n otorga 4 millones y medio de pesos (ANR) para la capacitaci\u00f3n en las industrias tecnol\u00f3gicas 4.0. Se trata de una ampliaci\u00f3n en infraestructura que va en UGACOOP que permite la formaci\u00f3n permanente de 25 puestos de trabajo<\/em><\/strong>\u201d, detall\u00f3 Walther Marcolini.<\/span><\/p>\n<p><span style=\"color: #000000;\">En lo que respecta al sector del turismo: \u201c<strong><em>Por parte del Ministerio de Turismo hemos obtenido un aporte de 5 millones de pesos que van directo al fortalecimiento al sector del turismo emergente, que es el caso espec\u00edfico de Gral. Alvear. Como tambi\u00e9n ha sido la decisi\u00f3n que se ha tomado en el presupuesto municipal de promocionar sectores productivos a trav\u00e9s de la difusi\u00f3n y la publicidad, que es lo que permite que lleguen turistas al departamento<\/em><\/strong>\u201d, se\u00f1al\u00f3.<\/span><\/p>\n<p><span style=\"color: #000000;\">Para finalizar, el Intendente Walther Marcolini reiter\u00f3 la bienvenida a los nuevos funcionarios, el agradecimiento a quienes dejan sus actuales puestos en la gesti\u00f3n y destac\u00f3 que el municipio est\u00e1 cerrando el a\u00f1o de manera ordenada. Esto permite que el Ejecutivo pueda pagar el aguinaldo a los trabajadores, entregarles un bono de fin de a\u00f1o de 5 mil pesos y continuar liderando el proceso de desarrollo.<\/span><\/p>\n<h5><span style=\"color: #000000;\">\u2022F.B.<\/span><\/h5>\n","protected":false},"excerpt":{"rendered":"<p>Adem\u00e1s de dar a conocer los nombres de los funcionarios que comenzar\u00e1n a trabajar en el gabinete municipal a partir de &#8230;<\/p>\n","protected":false},"author":8,"featured_media":102756,"comment_status":"open","ping_status":"open","sticky":false,"template":"","format":"standard","meta":{"footnotes":""},"categories":[5,10],"tags":[],"class_list":["post-102755","post","type-post","status-publish","format-standard","has-post-thumbnail","hentry","category-actualidad","category-destacadas"],"_links":{"self":[{"href":"https:\/\/vinasfm.com\/noticias\/wp-json\/wp\/v2\/posts\/102755","targetHints":{"allow":["GET"]}}],"collection":[{"href":"https:\/\/vinasfm.com\/noticias\/wp-json\/wp\/v2\/posts"}],"about":[{"href":"https:\/\/vinasfm.com\/noticias\/wp-json\/wp\/v2\/types\/post"}],"author":[{"embeddable":true,"href":"https:\/\/vinasfm.com\/noticias\/wp-json\/wp\/v2\/users\/8"}],"replies":[{"embeddable":true,"href":"https:\/\/vinasfm.com\/noticias\/wp-json\/wp\/v2\/comments?post=102755"}],"version-history":[{"count":2,"href":"https:\/\/vinasfm.com\/noticias\/wp-json\/wp\/v2\/posts\/102755\/revisions"}],"predecessor-version":[{"id":102805,"href":"https:\/\/vinasfm.com\/noticias\/wp-json\/wp\/v2\/posts\/102755\/revisions\/102805"}],"wp:featuredmedia":[{"embeddable":true,"href":"https:\/\/vinasfm.com\/noticias\/wp-json\/wp\/v2\/media\/102756"}],"wp:attachment":[{"href":"https:\/\/vinasfm.com\/noticias\/wp-json\/wp\/v2\/media?parent=102755"}],"wp:term":[{"taxonomy":"category","embeddable":true,"href":"https:\/\/vinasfm.com\/noticias\/wp-json\/wp\/v2\/categories?post=102755"},{"taxonomy":"post_tag","embeddable":true,"href":"https:\/\/vinasfm.com\/noticias\/wp-json\/wp\/v2\/tags?post=102755"}],"curies":[{"name":"wp","href":"https:\/\/api.w.org\/{rel}","templated":true}]}}