{"id":102753,"date":"2021-12-10T20:09:15","date_gmt":"2021-12-10T23:09:15","guid":{"rendered":"http:\/\/vinasfm.com\/noticias\/?p=102753"},"modified":"2021-12-11T11:39:57","modified_gmt":"2021-12-11T14:39:57","slug":"a-traves-de-un-proyecto-buscan-potenciar-la-ciruela-como-economia-regional","status":"publish","type":"post","link":"https:\/\/vinasfm.com\/noticias\/a-traves-de-un-proyecto-buscan-potenciar-la-ciruela-como-economia-regional\/","title":{"rendered":"A TRAV\u00c9S DE UN PROYECTO, BUSCAN POTENCIAR LA CIRUELA COMO ECONOM\u00cdA REGIONAL"},"content":{"rendered":"<h4><span style=\"color: #000000;\"><strong>Con el fin de que se dispongan las medidas necesarias para que la ciruela seca, tiernizada o de industria ingrese sin aranceles a los pa\u00edses destino de las exportaciones argentinas, Federico Zamarbide present\u00f3 un proyecto de resoluci\u00f3n.<\/strong><\/span><\/h4>\n<p><span style=\"color: #000000;\">El objetivo es posibilitar mejores condiciones para que el sector genere m\u00e1s trabajo genuino y con mano de obra calificada. \u201c<em><strong>La ciruela es parte de nuestra identidad, la provincia de Mendoza y particularmente la zona Sur es el tercer o cuarto productor mundial seg\u00fan el a\u00f1o, el 75 por ciento de los cultivos provinciales est\u00e1n en San Rafael y General Alvear, con cerca de 2 mil productores que tienen campos de 5 hect\u00e1reas aproximadamente; el problema que tenemos ahora es con la exportaci\u00f3n y los aranceles, que perjudican a productores e industriales<\/strong><\/em>\u201d, indic\u00f3 a <em>Diario San Rafael<\/em>.<\/span><\/p>\n<p><span style=\"color: #000000;\">\u201c<strong><em>Competimos con la ciruela de Chile, que entra con arancel cero de exportaci\u00f3n, mientras que nosotros tenemos un arancel de 9 por ciento a la Uni\u00f3n Europea o de 26 por ciento a China, por ejemplo. Por eso queremos hacer una estrategia inteligente por parte del Ministerio de Relaciones Exteriores, Comercio Internacional y Culto para lograr acuerdos que permitan el arancel cero<\/em><\/strong>\u201d, agreg\u00f3.<\/span><\/p>\n<p><span style=\"color: #000000;\">Seg\u00fan Zamarbide, la producci\u00f3n de ciruela en Mendoza ha ido creciendo y agreg\u00e1ndole tecnolog\u00eda. \u201c<strong><em>Se han nucleado en un Cl\u00faster de ciruela industria y est\u00e1 integrando al sector, la mejor ayuda del Estado nacional es lograr el arancel cero, porque de otro modo, se perjudica a la econom\u00eda regional y a los trabajadores<\/em><\/strong>\u201d, apunt\u00f3.<\/span><\/p>\n<p><span style=\"color: #000000;\">Por otra parte, el legislador explic\u00f3 que estos altos aranceles para la exportaci\u00f3n de esta fruta \u201c<strong><em>funcionan como un impuesto extra para entrar a otro pa\u00eds y generan menos divisas para Argentina, como as\u00ed tambi\u00e9n menos recursos en los productores<\/em><\/strong>\u201d.<\/span><\/p>\n<h4><span style=\"color: #000000;\"><strong>Exportaciones<\/strong><\/span><\/h4>\n<p><span style=\"color: #000000;\">Estados Unidos, China, Rusia o la Uni\u00f3n Europea son algunos de los lugares adonde se exportan las ciruelas mendocinas.\u00a0\u201c<strong><em>Tenemos que generar una estrategia inteligente para tener condiciones de equidad con Chile a la hora de exportar, recordemos que la ciruela se exporta en un 98 por ciento de su producci\u00f3n y Argentina tiene poco consumo interno, el cual queremos fomentar porque es un producto saludable, esto se tiene que traducir en un mayor valor econ\u00f3mico para nuestros productores<\/em><\/strong>\u201d, cont\u00f3 Zamarbide.<\/span><\/p>\n<p><span style=\"color: #000000;\">Por \u00faltimo, el diputado nacional manifest\u00f3 que hay que generar una campa\u00f1a de promoci\u00f3n del consumo de la ciruela. \u201c<strong><em>Tenemos que generar una marca territorial, como en su momento lo hizo la vitivinicultura con la defensa de la industria madre de la provincia, eso mismo hay que hacer con la ciruela, no es f\u00e1cil modificar patrones de consumo pero se puede hacer<\/em><\/strong>\u201d, cerr\u00f3.<\/span><\/p>\n","protected":false},"excerpt":{"rendered":"<p>Con el fin de que se dispongan las medidas necesarias para que la ciruela seca, tiernizada o de industria ingrese sin &#8230;<\/p>\n","protected":false},"author":8,"featured_media":101464,"comment_status":"open","ping_status":"open","sticky":false,"template":"","format":"standard","meta":{"footnotes":""},"categories":[5,14],"tags":[],"class_list":["post-102753","post","type-post","status-publish","format-standard","has-post-thumbnail","hentry","category-actualidad","category-agro"],"_links":{"self":[{"href":"https:\/\/vinasfm.com\/noticias\/wp-json\/wp\/v2\/posts\/102753","targetHints":{"allow":["GET"]}}],"collection":[{"href":"https:\/\/vinasfm.com\/noticias\/wp-json\/wp\/v2\/posts"}],"about":[{"href":"https:\/\/vinasfm.com\/noticias\/wp-json\/wp\/v2\/types\/post"}],"author":[{"embeddable":true,"href":"https:\/\/vinasfm.com\/noticias\/wp-json\/wp\/v2\/users\/8"}],"replies":[{"embeddable":true,"href":"https:\/\/vinasfm.com\/noticias\/wp-json\/wp\/v2\/comments?post=102753"}],"version-history":[{"count":1,"href":"https:\/\/vinasfm.com\/noticias\/wp-json\/wp\/v2\/posts\/102753\/revisions"}],"predecessor-version":[{"id":102754,"href":"https:\/\/vinasfm.com\/noticias\/wp-json\/wp\/v2\/posts\/102753\/revisions\/102754"}],"wp:featuredmedia":[{"embeddable":true,"href":"https:\/\/vinasfm.com\/noticias\/wp-json\/wp\/v2\/media\/101464"}],"wp:attachment":[{"href":"https:\/\/vinasfm.com\/noticias\/wp-json\/wp\/v2\/media?parent=102753"}],"wp:term":[{"taxonomy":"category","embeddable":true,"href":"https:\/\/vinasfm.com\/noticias\/wp-json\/wp\/v2\/categories?post=102753"},{"taxonomy":"post_tag","embeddable":true,"href":"https:\/\/vinasfm.com\/noticias\/wp-json\/wp\/v2\/tags?post=102753"}],"curies":[{"name":"wp","href":"https:\/\/api.w.org\/{rel}","templated":true}]}}