{"id":102751,"date":"2021-12-10T07:58:06","date_gmt":"2021-12-10T10:58:06","guid":{"rendered":"http:\/\/vinasfm.com\/noticias\/?p=102751"},"modified":"2021-12-13T07:57:47","modified_gmt":"2021-12-13T10:57:47","slug":"mendoza-comienza-a-aplicar-las-dosis-de-refuerzo-para-mayores-de-18-anos","status":"publish","type":"post","link":"https:\/\/vinasfm.com\/noticias\/mendoza-comienza-a-aplicar-las-dosis-de-refuerzo-para-mayores-de-18-anos\/","title":{"rendered":"MENDOZA COMIENZA A APLICAR LAS DOSIS DE REFUERZO PARA MAYORES DE 18 A\u00d1OS"},"content":{"rendered":"<h4><strong><span style=\"color: #000000;\">La ministra de Salud de la provincia, Ana Mar\u00eda Nadal, confirm\u00f3 que este jueves comenzar\u00e1 a aplicarse en Mendoza la dosis de refuerzo de la vacuna contra el coronavirus a los mayores de 18 a\u00f1os que cuenten con el esquema completo.<\/span><\/strong><\/h4>\n<p><span style=\"color: #000000;\">Para recibirla hay que dirigirse a un centro de vacunaci\u00f3n con el Documento Nacional de Identidad (DNI) y el carnet de inoculaci\u00f3n. <strong>No es necesario solicitar un turno previamente.<\/strong><\/span><\/p>\n<p><span style=\"color: #000000;\">Otra condici\u00f3n es que \u00ab<em>hayan pasado 5 meses, como m\u00ednimo, desde la aplicaci\u00f3n de la segunda dosis<\/em>\u00ab, destac\u00f3 la funcionaria a trav\u00e9s de las redes sociales.<\/span><\/p>\n<p><span style=\"color: #000000;\">\u00ab<em>Hoy anunciamos el refuerzo para <strong>personas mayores de 18 a\u00f1os con esquema completo de vacunaci\u00f3n<\/strong> siempre que hayan pasado 5 meses, como m\u00ednimo, desde la aplicaci\u00f3n de la segunda dosis<\/em>\u00ab, poste\u00f3 Nadal.<\/span><\/p>\n<p><span style=\"color: #000000;\">\u00abPara recibir el refuerzo deber\u00e1s ir a la sede de vacunaci\u00f3n con DNI y carnet de vacunaci\u00f3n, <strong>de manera espont\u00e1nea, sin turno previo<\/strong>\u00ab, agreg\u00f3 la ministra.<\/span><\/p>\n<p><span style=\"color: #000000;\">En su hilo de Twitter adem\u00e1s destac\u00f3: \u00ab<em>Es clave estar adecuadamente vacunados para minimizar el impacto de la Covid-19 y de esta manera podremos seguir con una Mendoza abierta y protegida<\/em>\u00ab.<\/span><\/p>\n","protected":false},"excerpt":{"rendered":"<p>La ministra de Salud de la provincia, Ana Mar\u00eda Nadal, confirm\u00f3 que este jueves comenzar\u00e1 a aplicarse en Mendoza la dosis &#8230;<\/p>\n","protected":false},"author":8,"featured_media":91095,"comment_status":"open","ping_status":"open","sticky":false,"template":"","format":"standard","meta":{"footnotes":""},"categories":[5,15],"tags":[],"class_list":["post-102751","post","type-post","status-publish","format-standard","has-post-thumbnail","hentry","category-actualidad","category-salud"],"_links":{"self":[{"href":"https:\/\/vinasfm.com\/noticias\/wp-json\/wp\/v2\/posts\/102751","targetHints":{"allow":["GET"]}}],"collection":[{"href":"https:\/\/vinasfm.com\/noticias\/wp-json\/wp\/v2\/posts"}],"about":[{"href":"https:\/\/vinasfm.com\/noticias\/wp-json\/wp\/v2\/types\/post"}],"author":[{"embeddable":true,"href":"https:\/\/vinasfm.com\/noticias\/wp-json\/wp\/v2\/users\/8"}],"replies":[{"embeddable":true,"href":"https:\/\/vinasfm.com\/noticias\/wp-json\/wp\/v2\/comments?post=102751"}],"version-history":[{"count":1,"href":"https:\/\/vinasfm.com\/noticias\/wp-json\/wp\/v2\/posts\/102751\/revisions"}],"predecessor-version":[{"id":102752,"href":"https:\/\/vinasfm.com\/noticias\/wp-json\/wp\/v2\/posts\/102751\/revisions\/102752"}],"wp:featuredmedia":[{"embeddable":true,"href":"https:\/\/vinasfm.com\/noticias\/wp-json\/wp\/v2\/media\/91095"}],"wp:attachment":[{"href":"https:\/\/vinasfm.com\/noticias\/wp-json\/wp\/v2\/media?parent=102751"}],"wp:term":[{"taxonomy":"category","embeddable":true,"href":"https:\/\/vinasfm.com\/noticias\/wp-json\/wp\/v2\/categories?post=102751"},{"taxonomy":"post_tag","embeddable":true,"href":"https:\/\/vinasfm.com\/noticias\/wp-json\/wp\/v2\/tags?post=102751"}],"curies":[{"name":"wp","href":"https:\/\/api.w.org\/{rel}","templated":true}]}}