{"id":102734,"date":"2021-12-10T08:28:49","date_gmt":"2021-12-10T11:28:49","guid":{"rendered":"http:\/\/vinasfm.com\/noticias\/?p=102734"},"modified":"2021-12-13T08:37:25","modified_gmt":"2021-12-13T11:37:25","slug":"el-intendente-marcolini-anuncio-los-cambios-en-el-gabinete","status":"publish","type":"post","link":"https:\/\/vinasfm.com\/noticias\/el-intendente-marcolini-anuncio-los-cambios-en-el-gabinete\/","title":{"rendered":"LOS CAMBIOS QUE ANUNCI\u00d3 EL INTENDENTE PRODUCTO DE LA REESTRUCTURACI\u00d3N DEL GABINETE MUNICIPAL"},"content":{"rendered":"<h4><span style=\"color: #000000;\"><strong>Este jueves, el Intendente Walther Marcolini anunci\u00f3 10 cambios en el Gabinete y explic\u00f3 los fundamentos de una reestructuraci\u00f3n de cara los \u00faltimos dos a\u00f1os de gesti\u00f3n.<\/strong><\/span><\/h4>\n<p><span style=\"color: #000000;\">Marcolini anunci\u00f3: &#8216;<em><strong>Vamos a afrontar una reestructuraci\u00f3n de gobierno, a corto y mediano plazo, con el objetivo central de trabajar en los distritos, en la obra p\u00fablica y con una \u00f3ptima administraci\u00f3n de recursos&#8217;<\/strong><\/em>. <\/span><\/p>\n<div><span style=\"color: #000000;\">&#8216;<strong><em>En este marco y gracias a un trabajo de todo nuestro equipo de gobierno, he aceptado las renuncias del Secretario de Gobierno, Jos\u00e9 Manuel Vilches; del Secretario de Obras y Servicios P\u00fablicos, Ignacio Castro; de la Secretaria de Desarrollo Humano, Norma Ruiz; del Delegado de Alvear Oeste, Mariano Varela; del Delegado de San Pedro del Atuel, Jorge P\u00e9rez; del Director de Rentas, Silvio Fuertes; del Director de Servicios P\u00fablicos, Pablo Reyes; del Director de Obras P\u00fablicas, Pablo Morales; de la Directora de Familia, Nancy Vinnitchenko y de la Asesora de Personas Jur\u00eddicas, Mirta Gianetto<\/em><\/strong>&#8216;, subray\u00f3 el mandatario municipal.<\/span><\/div>\n<div><\/div>\n<div><span style=\"color: #000000;\">Durante esta etapa se <strong>modificar\u00e1 la estructura del gobierno<\/strong>, que estar\u00e1 encabezado por el <strong>Departamento Ejecutivo<\/strong> con <strong>cuatro Secretar\u00edas<\/strong>, <strong>eliminando as\u00ed la Secretar\u00eda de Desarrollo Humano<\/strong>, cuyas funciones ser\u00e1n distribuidas entre la <strong>Secretar\u00eda de Gobierno, Direcci\u00f3n de Contingencias<\/strong> y <strong>Direcci\u00f3n de Familia<\/strong>. Adem\u00e1s, anunci\u00f3 los nuevos funcionarios:<\/span><\/div>\n<ul>\n<li><span style=\"color: #000000;\"><strong>Secretario de Gobierno: Mariano Varela.<\/strong><\/span><\/li>\n<li><span style=\"color: #000000;\"><strong>Delegado de Alvear Oeste: Norma Ru\u00edz.<\/strong><\/span><\/li>\n<li><span style=\"color: #000000;\"><strong>Secretar\u00eda de Obras y Servicios P\u00fablicos: Jorge P\u00e9rez.<\/strong><\/span><\/li>\n<li><span style=\"color: #000000;\"><strong>Direcci\u00f3n de Obras P\u00fablicas: Ignacio Castro.<\/strong><\/span><\/li>\n<li><span style=\"color: #000000;\"><strong>Direcci\u00f3n de Servicios P\u00fablicos: Bruno Gil.<\/strong><\/span><\/li>\n<li><span style=\"color: #000000;\"><strong>Direcci\u00f3n de Familia: Cecilia Ariet.<\/strong><\/span><\/li>\n<li><span style=\"color: #000000;\"><strong>Delegado de San Pedro del Atuel: Pablo Roa.<\/strong><\/span><\/li>\n<li><span style=\"color: #000000;\"><strong>Asesor\u00eda de Persona Jur\u00eddica: A cargo de Sub Secretario de Gobierno.<\/strong><\/span><\/li>\n<li><span style=\"color: #000000;\"><strong>Director de Rentas: Mauro Narpe.<\/strong><\/span><\/li>\n<li><span style=\"color: #000000;\"><strong>Coordinaci\u00f3n de Consejo de Seguridad: V\u00edctor Ureta (Se retira Jose Mar\u00eda Mart\u00ednez).<\/strong><\/span><\/li>\n<li><span style=\"color: #000000;\"><strong>Sistema de Alertas Comunitario: Mauro Ferrero.<\/strong><\/span><\/li>\n<\/ul>\n<h5><span style=\"color: #000000;\"><strong>\u2022L.A.<\/strong><\/span><\/h5>\n","protected":false},"excerpt":{"rendered":"<p>Este jueves, el Intendente Walther Marcolini anunci\u00f3 10 cambios en el Gabinete y explic\u00f3 los fundamentos de una reestructuraci\u00f3n de cara &#8230;<\/p>\n","protected":false},"author":7,"featured_media":102740,"comment_status":"open","ping_status":"open","sticky":false,"template":"","format":"standard","meta":{"footnotes":""},"categories":[5,7],"tags":[],"class_list":["post-102734","post","type-post","status-publish","format-standard","has-post-thumbnail","hentry","category-actualidad","category-politica"],"_links":{"self":[{"href":"https:\/\/vinasfm.com\/noticias\/wp-json\/wp\/v2\/posts\/102734","targetHints":{"allow":["GET"]}}],"collection":[{"href":"https:\/\/vinasfm.com\/noticias\/wp-json\/wp\/v2\/posts"}],"about":[{"href":"https:\/\/vinasfm.com\/noticias\/wp-json\/wp\/v2\/types\/post"}],"author":[{"embeddable":true,"href":"https:\/\/vinasfm.com\/noticias\/wp-json\/wp\/v2\/users\/7"}],"replies":[{"embeddable":true,"href":"https:\/\/vinasfm.com\/noticias\/wp-json\/wp\/v2\/comments?post=102734"}],"version-history":[{"count":6,"href":"https:\/\/vinasfm.com\/noticias\/wp-json\/wp\/v2\/posts\/102734\/revisions"}],"predecessor-version":[{"id":102804,"href":"https:\/\/vinasfm.com\/noticias\/wp-json\/wp\/v2\/posts\/102734\/revisions\/102804"}],"wp:featuredmedia":[{"embeddable":true,"href":"https:\/\/vinasfm.com\/noticias\/wp-json\/wp\/v2\/media\/102740"}],"wp:attachment":[{"href":"https:\/\/vinasfm.com\/noticias\/wp-json\/wp\/v2\/media?parent=102734"}],"wp:term":[{"taxonomy":"category","embeddable":true,"href":"https:\/\/vinasfm.com\/noticias\/wp-json\/wp\/v2\/categories?post=102734"},{"taxonomy":"post_tag","embeddable":true,"href":"https:\/\/vinasfm.com\/noticias\/wp-json\/wp\/v2\/tags?post=102734"}],"curies":[{"name":"wp","href":"https:\/\/api.w.org\/{rel}","templated":true}]}}