{"id":102724,"date":"2021-12-09T23:23:25","date_gmt":"2021-12-10T02:23:25","guid":{"rendered":"http:\/\/vinasfm.com\/noticias\/?p=102724"},"modified":"2021-12-10T12:03:35","modified_gmt":"2021-12-10T15:03:35","slug":"costanera-alvear-abre-sus-puertas-todos-los-dias-con-diversas-actividades","status":"publish","type":"post","link":"https:\/\/vinasfm.com\/noticias\/costanera-alvear-abre-sus-puertas-todos-los-dias-con-diversas-actividades\/","title":{"rendered":"COSTANERA ALVEAR ABRE SUS PUERTAS TODOS LOS D\u00cdAS CON DIVERSAS ACTIVIDADES"},"content":{"rendered":"<h4><span style=\"color: #000000;\"><strong>Este viernes comienza la temporada de verano 2021-2022 en Costanera Alvear, donde han trabajado en la mejora y acondicionamiento del lugar en el que ya han planeado una gran variedad de espect\u00e1culos y actividades.<\/strong><\/span><\/h4>\n<p><span style=\"color: #000000;\">Pese a que no se podr\u00e1 realizar el acto de inauguraci\u00f3n de temporada en Costanera Alvear (planeado para este jueves) por la inestabilidad clim\u00e1tica, desde este viernes 10 de diciembre quedar\u00e1 habilitado este espacio de gran atractivo en \u00e9pocas de calor. <em><strong>En di\u00e1logo con F.M. VI\u00d1AS, Fabiana Gonz\u00e1lez Directora de Turismo expres\u00f3: &#8216;A partir de hoy todos los d\u00edas la Costanera quedara abierta, pasaremos la banda y la bienvenida de hoy para otro d\u00eda. Pero el viernes a partir de las 11 de la ma\u00f1ana la Costanera retoma su vida&#8217;. <\/strong><\/em><\/span><\/p>\n<p><span style=\"color: #000000;\"><em><strong>&#8216;Se han colocado juegos para chicos, la cancha de f\u00fatbol, la cancha de beach voley, la posibilidad de hacer actividades en el agua recreativas, ir con el kayak. Hemos generado m\u00e1s de 30 kinchos a la vera del r\u00edo para que se disfruten y churrasqueras&#8217;<\/strong><\/em>, agreg\u00f3. Se ha estado trabajando desde hace tiempo para darle mejores y mayores comodidades.<\/span><\/p>\n<p><span style=\"color: #000000;\">La entrada general ser\u00e1 de $100 para mayores de 12 a\u00f1os mientras que lo menores de esa edad no pagar\u00e1n ingresos y habr\u00e1 un bus tur\u00edstico para\u00a0brindar un servicio m\u00e1s a los vecinos que quieran acercarse a disfrutar del d\u00eda. <strong><em>&#8216;Todos los d\u00edas con actividades diferentes, tambi\u00e9n habr\u00e1 m\u00fasica, espect\u00e1culo, pe\u00f1a, Costanera Suena se har\u00e1 presente, traeremos a nuestros artesanos, iremos generando distintos espect\u00e1culo para que el p\u00fablico se vaya renovando, dentro del marco de poder disfrutar&#8217;<\/em><\/strong>, se\u00f1al\u00f3 al finalizar.<\/span><\/p>\n<p><span style=\"color: #000000;\">\u2022C.F.<\/span><\/p>\n","protected":false},"excerpt":{"rendered":"<p>Este viernes comienza la temporada de verano 2021-2022 en Costanera Alvear, donde han trabajado en la mejora y acondicionamiento del lugar &#8230;<\/p>\n","protected":false},"author":7,"featured_media":62884,"comment_status":"open","ping_status":"open","sticky":false,"template":"","format":"standard","meta":{"footnotes":""},"categories":[5,21],"tags":[],"class_list":["post-102724","post","type-post","status-publish","format-standard","has-post-thumbnail","hentry","category-actualidad","category-turismo-2"],"_links":{"self":[{"href":"https:\/\/vinasfm.com\/noticias\/wp-json\/wp\/v2\/posts\/102724","targetHints":{"allow":["GET"]}}],"collection":[{"href":"https:\/\/vinasfm.com\/noticias\/wp-json\/wp\/v2\/posts"}],"about":[{"href":"https:\/\/vinasfm.com\/noticias\/wp-json\/wp\/v2\/types\/post"}],"author":[{"embeddable":true,"href":"https:\/\/vinasfm.com\/noticias\/wp-json\/wp\/v2\/users\/7"}],"replies":[{"embeddable":true,"href":"https:\/\/vinasfm.com\/noticias\/wp-json\/wp\/v2\/comments?post=102724"}],"version-history":[{"count":6,"href":"https:\/\/vinasfm.com\/noticias\/wp-json\/wp\/v2\/posts\/102724\/revisions"}],"predecessor-version":[{"id":102807,"href":"https:\/\/vinasfm.com\/noticias\/wp-json\/wp\/v2\/posts\/102724\/revisions\/102807"}],"wp:featuredmedia":[{"embeddable":true,"href":"https:\/\/vinasfm.com\/noticias\/wp-json\/wp\/v2\/media\/62884"}],"wp:attachment":[{"href":"https:\/\/vinasfm.com\/noticias\/wp-json\/wp\/v2\/media?parent=102724"}],"wp:term":[{"taxonomy":"category","embeddable":true,"href":"https:\/\/vinasfm.com\/noticias\/wp-json\/wp\/v2\/categories?post=102724"},{"taxonomy":"post_tag","embeddable":true,"href":"https:\/\/vinasfm.com\/noticias\/wp-json\/wp\/v2\/tags?post=102724"}],"curies":[{"name":"wp","href":"https:\/\/api.w.org\/{rel}","templated":true}]}}