{"id":102646,"date":"2021-12-08T10:00:32","date_gmt":"2021-12-08T13:00:32","guid":{"rendered":"http:\/\/vinasfm.com\/noticias\/?p=102646"},"modified":"2021-12-10T07:50:35","modified_gmt":"2021-12-10T10:50:35","slug":"ferro-gano-ante-argentino-que-clasifico-por-el-empate-de-pacifico-en-san-rafael","status":"publish","type":"post","link":"https:\/\/vinasfm.com\/noticias\/ferro-gano-ante-argentino-que-clasifico-por-el-empate-de-pacifico-en-san-rafael\/","title":{"rendered":"FERRO GAN\u00d3 ANTE ARGENTINO, QUE CLASIFIC\u00d3 POR EL EMPATE DE PAC\u00cdFICO EN SAN RAFAEL"},"content":{"rendered":"<h4><strong><span style=\"color: #000000;\">En condici\u00f3n de visitante Ferro super\u00f3 a Argentino y alcanz\u00f3 a Pac\u00edfico, que empat\u00f3 en su visita a El Porvenir. La Academia est\u00e1 en segunda fase, mientras que el Verde y el Lobo definen entre s\u00ed la clasificaci\u00f3n el pr\u00f3ximo domingo.<\/span><\/strong><\/h4>\n<p><span style=\"color: #000000;\">Este martes por la tarde se disput\u00f3 la 5ta fecha de la Zona 5 Regi\u00f3n Cuyo del Torneo Regional Amateur, en la que <strong>Ferro derrot\u00f3 al Sport Club Argentino, <\/strong>que ganaba 1 a 0 gracias a Jes\u00fas Funes. <strong>Daniel Caba\u00f1a lo empat\u00f3 y con un golazo de Gadiel Dom\u00ednguez en el complemento el Verde se qued\u00f3 con los tres puntos.<\/strong><\/span><\/p>\n<p><span style=\"color: #000000;\">En di\u00e1logo con <strong>FM VI\u00d1AS<\/strong>, el autor del 2 a 1 con una vaselina que sorprendi\u00f3 a todos en el estadio, manifest\u00f3: <em><strong>\u00abMe qued\u00f3 justo en una pelota dividida, el arquero esperaba que encare para afuera pero enganch\u00e9 como ven\u00eda, de punt\u00edn, y me sali\u00f3 bien. Fue un poco \u00e9pico por como se dio, con la lluvia y lo importante es que ganamos y ahora definimos de local con Pac\u00edfico\u00bb<\/strong><\/em>.<\/span><\/p>\n<p><span style=\"color: #000000;\">Esto se debe a que c<strong>on el empate de Pac\u00edfico y El Porvenir, que repartieron puntos en un 0 a 0 qued\u00f3 todo abierto para la definici\u00f3n en la \u00faltima fecha<\/strong> del grupo. Con <strong>el Lobo y el Verde igualados en puntos, el pr\u00f3ximo domingo a las 18 hs, se jugar\u00e1 una final por el segundo puesto <\/strong>(circunstancialmente 1\u00b0 si la Academia pierde)\u00a0a la siguiente fase y, <strong>en caso de empate, es el Albinegro el que corre con ventaja por mejor diferencia de gol<\/strong>.<\/span><\/p>\n<p><span style=\"color: #000000;\">Mientras que el s\u00e1bado 11 de diciembre en el estadio Aldo Blas Cuello desde las 18 hs Argentino recibir\u00e1 al equipo sanrafaelino. <strong>En caso de que El Porvenir gane, todav\u00eda puede aspirar a clasificar como mejor tercero<\/strong>, o en caso de una <strong>goleada por m\u00e1s de 5 goles, en segundo lugar, aunque en ambos casos depende de los alvearenses<\/strong>.<\/span><\/p>\n<h4><span style=\"color: #000000;\"><strong>Tabla de posiciones<\/strong><\/span><\/h4>\n<ol>\n<li><strong><span style=\"color: #000000;\">Argentino 9 pts (+4)<\/span><\/strong><\/li>\n<li><strong><span style=\"color: #000000;\">Pac\u00edfico 7 (+1)<\/span><\/strong><\/li>\n<li><strong><span style=\"color: #000000;\">Ferro 7 (-1)<\/span><\/strong><\/li>\n<li><strong><span style=\"color: #000000;\">El Porvenir 5 (-4)<\/span><\/strong><\/li>\n<\/ol>\n<h5><span style=\"color: #000000;\"><strong>\u2022L.A.<\/strong><\/span><\/h5>\n","protected":false},"excerpt":{"rendered":"<p>En condici\u00f3n de visitante Ferro super\u00f3 a Argentino y alcanz\u00f3 a Pac\u00edfico, que empat\u00f3 en su visita a El Porvenir. La &#8230;<\/p>\n","protected":false},"author":7,"featured_media":102653,"comment_status":"open","ping_status":"open","sticky":false,"template":"","format":"standard","meta":{"footnotes":""},"categories":[5,3],"tags":[],"class_list":["post-102646","post","type-post","status-publish","format-standard","has-post-thumbnail","hentry","category-actualidad","category-deportes"],"_links":{"self":[{"href":"https:\/\/vinasfm.com\/noticias\/wp-json\/wp\/v2\/posts\/102646","targetHints":{"allow":["GET"]}}],"collection":[{"href":"https:\/\/vinasfm.com\/noticias\/wp-json\/wp\/v2\/posts"}],"about":[{"href":"https:\/\/vinasfm.com\/noticias\/wp-json\/wp\/v2\/types\/post"}],"author":[{"embeddable":true,"href":"https:\/\/vinasfm.com\/noticias\/wp-json\/wp\/v2\/users\/7"}],"replies":[{"embeddable":true,"href":"https:\/\/vinasfm.com\/noticias\/wp-json\/wp\/v2\/comments?post=102646"}],"version-history":[{"count":7,"href":"https:\/\/vinasfm.com\/noticias\/wp-json\/wp\/v2\/posts\/102646\/revisions"}],"predecessor-version":[{"id":102710,"href":"https:\/\/vinasfm.com\/noticias\/wp-json\/wp\/v2\/posts\/102646\/revisions\/102710"}],"wp:featuredmedia":[{"embeddable":true,"href":"https:\/\/vinasfm.com\/noticias\/wp-json\/wp\/v2\/media\/102653"}],"wp:attachment":[{"href":"https:\/\/vinasfm.com\/noticias\/wp-json\/wp\/v2\/media?parent=102646"}],"wp:term":[{"taxonomy":"category","embeddable":true,"href":"https:\/\/vinasfm.com\/noticias\/wp-json\/wp\/v2\/categories?post=102646"},{"taxonomy":"post_tag","embeddable":true,"href":"https:\/\/vinasfm.com\/noticias\/wp-json\/wp\/v2\/tags?post=102646"}],"curies":[{"name":"wp","href":"https:\/\/api.w.org\/{rel}","templated":true}]}}