{"id":102601,"date":"2021-12-08T00:01:48","date_gmt":"2021-12-08T03:01:48","guid":{"rendered":"http:\/\/vinasfm.com\/noticias\/?p=102601"},"modified":"2021-12-08T11:38:08","modified_gmt":"2021-12-08T14:38:08","slug":"alvear-oeste-de-fiesta-por-la-reinauguracion-de-la-plaza-manuel-belgrano","status":"publish","type":"post","link":"https:\/\/vinasfm.com\/noticias\/alvear-oeste-de-fiesta-por-la-reinauguracion-de-la-plaza-manuel-belgrano\/","title":{"rendered":"ALVEAR OESTE DE FIESTA POR LA REINAUGURACI\u00d3N DE LA PLAZA MANUEL BELGRANO"},"content":{"rendered":"<h4><span style=\"color: #000000;\"><strong>Este lunes por la noche Alvear Oeste vivi\u00f3 una fiesta ya que se llev\u00f3 a cabo la reinauguraci\u00f3n de la Plaza Manuel Belgrano. El Intendente Walther Marcolini y el Delegado Mariano Varela destacaron el valor hist\u00f3rico de la obra.<\/strong><\/span><\/h4>\n<p><span style=\"color: #000000;\"><strong>En el marco del 109\u00b0 aniversario de Alvear Oeste, se llev\u00f3 a cabo la reinauguraci\u00f3n de la plaza Manuel Belgrano<\/strong> con importantes obras para embellecer esta zona c\u00e9ntrica del distrito. En ese sentido, <strong>Walther Marcolini<\/strong> destac\u00f3: <em><strong>\u00abLos espacios p\u00fablicos son para que la comunidad los apropie y son para disfrutarlos. Porque desde que se fundaron las ciudades estuvo esa idea de que la plaza est\u00e9 en un lugar central, con la Iglesia, la Polic\u00eda y los comercios importantes en torno a la plaza\u00bb<\/strong><\/em>.<\/span><\/p>\n<p><span style=\"color: #000000;\">Y bajo el lema de darle vida al distrito, el Intendente remarc\u00f3: <em><strong>\u00abLo que celebramos esta noche es el empuje de un pueblo que supo ser a mediados del siglo pasado uno de los principales lugares de progreso econ\u00f3mico y social, porque el ferrocarril hac\u00eda que con esta estaci\u00f3n lo tuviera\u00bb<\/strong><\/em>. Por esa raz\u00f3n, agreg\u00f3: <em><strong>\u00abPara muchos esto es motivo de nostalgia y para otros la necesidad de reconstruir ese pasado\u00bb.<\/strong><\/em><\/span><\/p>\n<p><span style=\"color: #000000;\">Por su parte,<strong> el Delegado Mariano Varela, tambi\u00e9n apunt\u00f3 a la historia de la obra<\/strong> en cuesti\u00f3n con un recorrido que comenz\u00f3 en la donaci\u00f3n de terrenos de Nicol\u00e1s Luna. <em><strong>\u00abEs un espacio muy importante para nuestra historia y nuestro ADN, que ha sufrido modificaciones a lo largo del tiempo, pero siempre pensando en mejorarla\u00bb<\/strong><\/em>, destac\u00f3 el funcionario.<\/span><\/p>\n<p><span style=\"color: #000000;\">En cuanto al motivo de esta \u00faltima renovaci\u00f3n reciente despu\u00e9s de la \u00faltima obra en 2003, explic\u00f3: <strong>\u00abPas\u00f3 el tiempo, se rompieron caminos y las condiciones no eran adecuadas para que los vecinos disfruten. Por eso, gracias a la gesti\u00f3n del Intendente Marcolini que ha hecho distribuci\u00f3n de los recursos en todo el departamento\u00bb<\/strong>. Por \u00faltimo, resalt\u00f3:<em><strong> \u00abHoy hablamos de la plaza, pero son muchas las obras que se han hecho y que continuar\u00e1n\u00bb<\/strong><\/em>.<\/span><\/p>\n<h5><span style=\"color: #000000;\"><strong>\u2022L.A.\u00a0<\/strong><\/span><\/h5>\n","protected":false},"excerpt":{"rendered":"<p>Este lunes por la noche Alvear Oeste vivi\u00f3 una fiesta ya que se llev\u00f3 a cabo la reinauguraci\u00f3n de la Plaza &#8230;<\/p>\n","protected":false},"author":7,"featured_media":102614,"comment_status":"open","ping_status":"open","sticky":false,"template":"","format":"standard","meta":{"footnotes":""},"categories":[5,10],"tags":[],"class_list":["post-102601","post","type-post","status-publish","format-standard","has-post-thumbnail","hentry","category-actualidad","category-destacadas"],"_links":{"self":[{"href":"https:\/\/vinasfm.com\/noticias\/wp-json\/wp\/v2\/posts\/102601","targetHints":{"allow":["GET"]}}],"collection":[{"href":"https:\/\/vinasfm.com\/noticias\/wp-json\/wp\/v2\/posts"}],"about":[{"href":"https:\/\/vinasfm.com\/noticias\/wp-json\/wp\/v2\/types\/post"}],"author":[{"embeddable":true,"href":"https:\/\/vinasfm.com\/noticias\/wp-json\/wp\/v2\/users\/7"}],"replies":[{"embeddable":true,"href":"https:\/\/vinasfm.com\/noticias\/wp-json\/wp\/v2\/comments?post=102601"}],"version-history":[{"count":5,"href":"https:\/\/vinasfm.com\/noticias\/wp-json\/wp\/v2\/posts\/102601\/revisions"}],"predecessor-version":[{"id":102618,"href":"https:\/\/vinasfm.com\/noticias\/wp-json\/wp\/v2\/posts\/102601\/revisions\/102618"}],"wp:featuredmedia":[{"embeddable":true,"href":"https:\/\/vinasfm.com\/noticias\/wp-json\/wp\/v2\/media\/102614"}],"wp:attachment":[{"href":"https:\/\/vinasfm.com\/noticias\/wp-json\/wp\/v2\/media?parent=102601"}],"wp:term":[{"taxonomy":"category","embeddable":true,"href":"https:\/\/vinasfm.com\/noticias\/wp-json\/wp\/v2\/categories?post=102601"},{"taxonomy":"post_tag","embeddable":true,"href":"https:\/\/vinasfm.com\/noticias\/wp-json\/wp\/v2\/tags?post=102601"}],"curies":[{"name":"wp","href":"https:\/\/api.w.org\/{rel}","templated":true}]}}