{"id":102536,"date":"2021-12-07T08:30:52","date_gmt":"2021-12-07T11:30:52","guid":{"rendered":"http:\/\/vinasfm.com\/noticias\/?p=102536"},"modified":"2021-12-07T10:50:05","modified_gmt":"2021-12-07T13:50:05","slug":"programa-mas-cultura-cuando-y-como-se-paga-el-bono-de-5000","status":"publish","type":"post","link":"https:\/\/vinasfm.com\/noticias\/programa-mas-cultura-cuando-y-como-se-paga-el-bono-de-5000\/","title":{"rendered":"PROGRAMA &#8216;M\u00c1S CULTURA&#8217;: CU\u00c1NDO Y C\u00d3MO SE PAGA EL BONO DE $5000"},"content":{"rendered":"<h4><span style=\"color: #000000;\"><strong>Despu\u00e9s de mucha expectativa y algunas dudas sobre el plan\u00a0M\u00e1s Cultura Joven, la Administraci\u00f3n Nacional de la Seguridad Social\u00a0(ANSES) confirm\u00f3 cu\u00e1ndo se empieza a pagar el bono. <\/strong><\/span><\/h4>\n<p><span style=\"color: #000000;\">Tambi\u00e9n detall\u00f3 c\u00f3mo se abonar\u00e1 y otros detalles en cuanto a la inscripci\u00f3n al programa\u00a0y c\u00f3mo saber si aprobaron tu solicitud. <strong>En esta nota, todos los detalles de M\u00e1s Cultura.<\/strong><\/span><\/p>\n<h4><span style=\"color: #000000;\"><strong>\u00bfCu\u00e1ndo se paga el bono de M\u00e1s Cultura?<\/strong><\/span><\/h4>\n<p><span style=\"color: #000000;\">Si bien se hab\u00eda dicho que despu\u00e9s de las elecciones del 14 de noviembre se iba a pagar, finalmente\u00a0<strong>ANSES confirm\u00f3 que en diciembre se depositar\u00e1 el bono<\/strong>\u00a0para todas las personas anotadas y aprobadas en el plan M\u00e1s Cultura, actualmente unos 400.000 j\u00f3venes.<\/span><\/p>\n<p><span style=\"color: #000000;\">No hay un calendario de pagos por terminaci\u00f3n de documento, sino que se ir\u00e1n acreditando los montos este mes a trav\u00e9s del Banco Naci\u00f3n.<\/span><\/p>\n<h4><span style=\"color: #000000;\"><strong>\u00bfCu\u00e1nto y c\u00f3mo se cobra?<\/strong><\/span><\/h4>\n<p><span style=\"color: #000000;\">Se pagan\u00a0<strong>$5000 en una tarjeta virtual a trav\u00e9s de la aplicaci\u00f3n del Banco Naci\u00f3n, la BNA+<\/strong>, que se puede descargar de forma gratuita en el celular. Este monto se deposita de manera semestral, o sea cada 6 meses.<\/span><\/p>\n<p><span style=\"color: #000000;\"><strong>S\u00f3lo los puede usar la persona titular<\/strong>\u00a0de esa cuenta y, cabe recordar, es de uso exclusivo para todo tipo de cuestiones relacionadas al arte y la cultura.<\/span><\/p>\n<p style=\"text-align: center;\"><a class=\"link\" href=\"https:\/\/play.google.com\/store\/apps\/details?id=com.banconacion.bnamas&amp;hl=es_AR&amp;gl=US\" target=\"_blank\" rel=\"noopener\">DESCARG\u00c1 LA APLICACI\u00d3N AC\u00c1<\/a><\/p>\n<h4><span style=\"color: #000000;\"><strong>\u00bfC\u00f3mo funciona el bono cultural?<\/strong><\/span><\/h4>\n<p><span style=\"color: #000000;\">Se trata del programa\u00a0<strong>\u00abM\u00e1s Cultura Joven\u00bb<\/strong>, que otorga un pago extra con el fin de\u00a0<strong>\u00abpotenciar el consumo de bienes y servicios culturales\u00bb<\/strong>, apuntando tambi\u00e9n a activar tambi\u00e9n a este sector con los m\u00e1s j\u00f3venes.<\/span><\/p>\n<p><span style=\"color: #000000;\">Es una iniciativa del Ministerio de Cultura, ANSES y el Banco Naci\u00f3n para igualar el acceso a la cultura, fortalecer y reactivar el sector cultural que estuvo muy frenado en la pandemia, \u00abcreando miles de puestos de trabajo para artistas, productores, trabajadores y trabajadoras de nuestro pa\u00eds\u00bb.<\/span><\/p>\n<p><span style=\"color: #000000;\">Con la tarjeta de BNA+ se podr\u00e1 acceder s\u00f3lo a servicios y bienes culturales, es decir que\u00a0<strong>no se podr\u00e1 retirar el efectivo ni utilizar el dinero en otro tipo de compras<\/strong>.\u00a0De hecho, advierten,\u00a0<strong>cualquier uso indebido o incumplimiento puede provocar la suspensi\u00f3n o baja definitiva<\/strong>\u00a0de la tarjeta y del beneficio.<\/span><\/p>\n<h4><span style=\"color: #000000;\"><strong>\u00bfEn qu\u00e9 se pueden usar los $5000?<\/strong><\/span><\/h4>\n<p><span style=\"color: #000000;\">Con el monto depositado, se podr\u00e1 usar en salas de\u00a0<strong>cine, teatros, recitales y espect\u00e1culos musicales, festivales<\/strong>, accesos para museos, espacios, centros o circuitos culturales, librer\u00edas, disquer\u00edas, galer\u00edas y espacios vinculados a las artes visuales.<\/span><\/p>\n<p><span style=\"color: #000000;\">Tambi\u00e9n para inscripci\u00f3n a\u00a0<strong>cursos, seminarios o talleres ligados a la cultura<\/strong>\u00a0y para el pago de docentes de disciplinas art\u00edsticas o culturales en cuotas o un pago, es decir las clases que se pueden tomar dentro de estas \u00e1reas. A su vez, se puede utilizar para comprar libros, instrumentos, artesan\u00edas, entre otros.<\/span><\/p>\n<h4><strong><span style=\"color: #000000;\">\u00bfSiguen abiertas las inscripciones?<\/span><\/strong><\/h4>\n<p><span style=\"color: #000000;\"><strong>S\u00ed,<\/strong>\u00a0todav\u00eda est\u00e1 abierto el formulario de inscripci\u00f3n y todos los interesados se pueden anotar a trav\u00e9s de la p\u00e1gina de M\u00e1s Cultura.<\/span><\/p>\n<h4><strong><span style=\"color: #000000;\">\u00bfQui\u00e9nes pueden acceder a M\u00e1s Cultura?<\/span><\/strong><\/h4>\n<ul>\n<li><span style=\"color: #000000;\">Est\u00e1 destinado a j\u00f3venes de entre 18 y 24 a\u00f1os.<\/span><\/li>\n<li><span style=\"color: #000000;\">Titulares de la Asignaci\u00f3n por Embarazo (AUE)<\/span><\/li>\n<li><span style=\"color: #000000;\">Titulares de la\u00a0<strong>Asignaci\u00f3n Universal por Hijo (AUH)<\/strong><\/span><\/li>\n<li><span style=\"color: #000000;\">Titulares de pensiones no contributivas (PNC) por invalidez.<\/span><\/li>\n<li><span style=\"color: #000000;\"><strong>Todos los titulares de las\u00a0becas Progresar<\/strong>. Las modalidades excepcionales de Progresar no tienen l\u00edmite de edad.<\/span><\/li>\n<li><span style=\"color: #000000;\">Hijos menores a cargo en hogares monoparentales.<\/span><\/li>\n<li><span style=\"color: #000000;\">Personas trans, de pueblos originarios, con discapacidad, refugiadas, entre otros.<\/span><\/li>\n<\/ul>\n<h4><strong><span style=\"color: #000000;\">Bono $5000 M\u00e1s Cultura: inscripci\u00f3n<\/span><\/strong><\/h4>\n<p><span style=\"color: #000000;\">El formulario de inscripci\u00f3n est\u00e1 disponible y el proceso es sencillo, siguiendo estos\u00a0<strong>pasos:<\/strong><\/span><\/p>\n<p><span style=\"color: #000000;\"><strong>1)<\/strong>\u00a0Ingresar a la<\/span>\u00a0<a class=\"link\" href=\"https:\/\/mas.cultura.gob.ar\/\" target=\"_blank\" rel=\"noopener\">p\u00e1gina oficial de M\u00e1s Cultura Joven<\/a>\u00a0<span style=\"color: #000000;\">(mas.cultura.gob.ar).<\/span><\/p>\n<p><span style=\"color: #000000;\"><strong>2)<\/strong>\u00a0Seleccionar en el inicio el bot\u00f3n que dice \u00abinscribirme\u00bb. Luego, volver a seleccionar el link de \u00abme quiero inscribir\u00bb.<\/span><\/p>\n<p><span style=\"color: #000000;\"><strong>3)<\/strong>\u00a0El enlace te lleva directamente a\u00a0<\/span><a class=\"link\" href=\"https:\/\/servicioscorp.anses.gob.ar\/clavelogon\/logon.aspx?system=miansesv2\" target=\"_blank\" rel=\"noopener\"><strong>Mi ANSES<\/strong><\/a>,<span style=\"color: #000000;\"> donde hay que ingresar con CUIL y Clave de Seguridad Social. La misma se puede generar en el momento.<\/span><\/p>\n<p><span style=\"color: #000000;\"><strong>4)<\/strong>\u00a0Dentro de la p\u00e1gina, seleccionar en el margen izquierdo la pesta\u00f1a\u00a0<strong>\u00abProgramas y beneficios\u00bb y despu\u00e9s \u00abM\u00e1s Cultura\u00bb<\/strong>.<\/span><\/p>\n<p><span style=\"color: #000000;\"><strong>5)<\/strong>\u00a0Seguir todos los pasos. Empieza aceptando los t\u00e9rminos del plan y luego confirmando todos los datos que figuran. Finalmente, elegir una sucursal del Banco Naci\u00f3n y hacer click en\u00a0<strong>\u00abenviar solicitud\u00bb<\/strong>. Despu\u00e9s se debe descargar la app BNA+ porque ser\u00e1 necesaria para recibir los $5000.<\/span><\/p>\n<p><span style=\"color: #000000;\">Terminado el proceso, desde ANSES se brindar\u00e1 un\u00a0<strong>n\u00famero para el seguimiento del tr\u00e1mite<\/strong>, con el fin de saber si fue aprobado, aunque puede que el organismo mande una notificaci\u00f3n.<\/span><\/p>\n<h4><strong><span style=\"color: #000000;\">\u00bfC\u00f3mo saber si aprobaron mi solicitud?<\/span><\/strong><\/h4>\n<p><span style=\"color: #000000;\">Todas las personas que se hayan inscripto, pueden consultar el estad<\/span><\/p>\n<p><span style=\"color: #000000;\">o de solicitud entrando a Mi ANSES y seleccionando\u00a0<strong>\u00abProgramas y beneficios\u00bb &#x27a1; \u00abM\u00e1s Cultura\u00bb<\/strong>. Es muy similar al proceso de inscripci\u00f3n y desde ah\u00ed mismo ver\u00e1n si fue aprobada<\/span>.<\/p>\n<h6><span style=\"color: #000000;\">\u2022Gentileza: El Ciudadano.<\/span><\/h6>\n","protected":false},"excerpt":{"rendered":"<p>Despu\u00e9s de mucha expectativa y algunas dudas sobre el plan\u00a0M\u00e1s Cultura Joven, la Administraci\u00f3n Nacional de la Seguridad Social\u00a0(ANSES) confirm\u00f3 cu\u00e1ndo &#8230;<\/p>\n","protected":false},"author":8,"featured_media":102537,"comment_status":"open","ping_status":"open","sticky":false,"template":"","format":"standard","meta":{"footnotes":""},"categories":[5,50],"tags":[],"class_list":["post-102536","post","type-post","status-publish","format-standard","has-post-thumbnail","hentry","category-actualidad","category-anses"],"_links":{"self":[{"href":"https:\/\/vinasfm.com\/noticias\/wp-json\/wp\/v2\/posts\/102536","targetHints":{"allow":["GET"]}}],"collection":[{"href":"https:\/\/vinasfm.com\/noticias\/wp-json\/wp\/v2\/posts"}],"about":[{"href":"https:\/\/vinasfm.com\/noticias\/wp-json\/wp\/v2\/types\/post"}],"author":[{"embeddable":true,"href":"https:\/\/vinasfm.com\/noticias\/wp-json\/wp\/v2\/users\/8"}],"replies":[{"embeddable":true,"href":"https:\/\/vinasfm.com\/noticias\/wp-json\/wp\/v2\/comments?post=102536"}],"version-history":[{"count":1,"href":"https:\/\/vinasfm.com\/noticias\/wp-json\/wp\/v2\/posts\/102536\/revisions"}],"predecessor-version":[{"id":102538,"href":"https:\/\/vinasfm.com\/noticias\/wp-json\/wp\/v2\/posts\/102536\/revisions\/102538"}],"wp:featuredmedia":[{"embeddable":true,"href":"https:\/\/vinasfm.com\/noticias\/wp-json\/wp\/v2\/media\/102537"}],"wp:attachment":[{"href":"https:\/\/vinasfm.com\/noticias\/wp-json\/wp\/v2\/media?parent=102536"}],"wp:term":[{"taxonomy":"category","embeddable":true,"href":"https:\/\/vinasfm.com\/noticias\/wp-json\/wp\/v2\/categories?post=102536"},{"taxonomy":"post_tag","embeddable":true,"href":"https:\/\/vinasfm.com\/noticias\/wp-json\/wp\/v2\/tags?post=102536"}],"curies":[{"name":"wp","href":"https:\/\/api.w.org\/{rel}","templated":true}]}}