{"id":102533,"date":"2021-12-07T08:00:03","date_gmt":"2021-12-07T11:00:03","guid":{"rendered":"http:\/\/vinasfm.com\/noticias\/?p=102533"},"modified":"2021-12-07T10:50:11","modified_gmt":"2021-12-07T13:50:11","slug":"el-gobierno-provincial-definio-como-y-cuando-pagara-el-aguinaldo","status":"publish","type":"post","link":"https:\/\/vinasfm.com\/noticias\/el-gobierno-provincial-definio-como-y-cuando-pagara-el-aguinaldo\/","title":{"rendered":"EL GOBIERNO PROVINCIAL DEFINI\u00d3 C\u00d3MO Y CU\u00c1NDO PAGAR\u00c1 EL AGUINALDO"},"content":{"rendered":"<h4><span style=\"color: #000000;\"><strong>El ministro de Hacienda, Lisandro Nieri, confirm\u00f3 que los empleados p\u00fablicos cobrar\u00e1n la segunda cuota del Sueldo Anual Complementario (SAC), m\u00e1s conocido como medio aguinaldo,\u00a0el viernes 17 de diciembre.<\/strong><\/span><\/h4>\n<p><span style=\"color: #000000;\">Hay que recordar que el a\u00f1o pasado, en medio de la crisis por el parate econ\u00f3mico provocado por la pandemia de coronavirus, el Ejecutivo\u00a0<strong>dispuso un cronograma del pago de la primera cuota del SAC en cuotas.<\/strong>\u00a0En esta oportunidad no ser\u00e1 necesario y se acreditar\u00e1 la totalidad del plus salarial.<\/span><\/p>\n<p><span style=\"color: #000000;\">En el marco de la reuni\u00f3n plenaria del Consejo Tributario de Mendoza, Nieri destac\u00f3 que la posibilidad de pagar el pr\u00f3ximo medio aguinaldo completo es resultado el orden fiscal de la provincia.<\/span><\/p>\n<p><span style=\"color: #000000;\">\u00ab<em>Ten\u00edamos una provincia ordenada y nos enfrentamos una pandemia que provoc\u00f3 un desastre en materia econ\u00f3mica producto del\u00a0<strong>cierre ins\u00f3lito, absurdo, largu\u00edsimo y sin ning\u00fan sentido<\/strong>\u00a0que dispuso el presidente Alberto Fern\u00e1ndez<\/em>\u00ab, lanz\u00f3 el ministro que se est\u00e1 despidiendo de su cargo ya que en los pr\u00f3ximos d\u00edas asumir\u00e1 una banca en la C\u00e1mara de Diputados de la Naci\u00f3n.<\/span><\/p>\n<p><span style=\"color: #000000;\">\u00ab<em>Mendoza tom\u00f3 un criterio distinto para equilibrar lo sanitario con lo econ\u00f3mico, social, cultural, educativo.<strong>\u00a0Los impactos fueron menores y todo eso ayuda a recuperar de manera parcial la situaci\u00f3n fiscal<\/strong><\/em>\u00ab, agreg\u00f3 Nieri, que reemplazar\u00e1 a Alfredo Cornejo, que peg\u00f3 el salto al Senado, y completar\u00e1 los dos a\u00f1os de mandato que le restan al exgobernador en la C\u00e1mara baja.<\/span><\/p>\n<p><span style=\"color: #000000;\">\u00ab<em><strong>Estamos mucho mejor que el a\u00f1o pasado pero todav\u00eda no recuperamos los niveles del 2019<\/strong>, un a\u00f1o contra el cual es mucho m\u00e1s justo hacer comparaciones<\/em>\u00ab, destac\u00f3 el funcionario. \u00abRecuperamos ese orden fiscal y tenemos un resultado superavitario que nos ayuda a bajar la deuda y la carga impositiva con un sistema m\u00e1s progresivo\u00bb, sentenci\u00f3.<\/span><\/p>\n<h4><span style=\"color: #000000;\"><strong>La demanda contra la Naci\u00f3n<\/strong><\/span><\/h4>\n<p><span style=\"color: #000000;\"><span style=\"color: #000000;\">\u00ab<\/span><em><span style=\"color: #000000;\">A Mendoza le va muy mal en la distribuci\u00f3n\u00a0de recursos.\u00a0<\/span><strong style=\"color: #000000;\">Estamos preparando un reclamo que va a derivar seguramente en una demanda<\/strong><\/em><span style=\"color: #000000;\">\u00ab, anticip\u00f3 Nieri en di\u00e1logo con <strong>El Sol<\/strong>.<\/span><\/span><\/p>\n<p><span style=\"color: #000000;\">\u00ab<em>Mendoza es la provincia a la que peor le va en la distribuci\u00f3n de recursos y lo sab\u00edamos. El kirchnerismo distribuye discrecionalmente.\u00a0<strong>\u00bfSon recursos discrecionales? S\u00ed, pero deben tener un sustento<\/strong><\/em>\u00ab, explic\u00f3.<\/span><\/p>\n<p><span style=\"color: #000000;\">El todav\u00eda ministro, que ser\u00e1 reemplazado por V\u00edctor Fayad, consider\u00f3 que \u00ab<em>ser\u00eda justo<\/em>\u00bb que la provincia reciba menos recursos \u00ab<em>si no tuviera ninguna necesidad.\u00a0<strong>Pero Mendoza no escapa de la realidad socio-econ\u00f3mica nacional<\/strong><\/em>\u00ab.<\/span><\/p>\n<p><span style=\"color: #000000;\">\u00ab<em>Lamentablemente la oposici\u00f3n de Mendoza no acompa\u00f1a el reclamo pese a que\u00a0<strong>cualquier estudio demuestra que somos la provincia a la que peor nos va en t\u00e9rminos per c\u00e1pita<\/strong><\/em>\u00ab, reclam\u00f3 Nieri.<\/span><\/p>\n<p><span style=\"color: #000000;\">En el gobierno provincial aseguran que Mendoza est\u00e1 pen\u00faltima entre las provincias que m\u00e1s fondos reciben, por habitante, en transferencias por coparticipaci\u00f3n.\u00a0<strong>\u00abEso es legal, el tema es la parte discrecional\u00bb<\/strong>, advierten.<\/span><\/p>\n<p><span style=\"color: #000000;\">En tal sentido, subrayan que Mendoza recibe desde la Naci\u00f3n $8.000 per c\u00e1pita, mientras que a La Rioja llegan $66.000.<\/span><\/p>\n<p><span style=\"color: #000000;\">\u00ab<em>Estamos aportando a Asesor\u00eda de Gobierno todo el material.\u00a0<strong>Lo que m\u00e1s atrae es un acuerdo, pero si as\u00ed no fuera terminaremos en un reclamo judicial<\/strong><\/em>\u00ab, anticip\u00f3 Nieri.<\/span><\/p>\n","protected":false},"excerpt":{"rendered":"<p>El ministro de Hacienda, Lisandro Nieri, confirm\u00f3 que los empleados p\u00fablicos cobrar\u00e1n la segunda cuota del Sueldo Anual Complementario (SAC), m\u00e1s &#8230;<\/p>\n","protected":false},"author":8,"featured_media":68014,"comment_status":"open","ping_status":"open","sticky":false,"template":"","format":"standard","meta":{"footnotes":""},"categories":[5,77],"tags":[],"class_list":["post-102533","post","type-post","status-publish","format-standard","has-post-thumbnail","hentry","category-actualidad","category-gobierno"],"_links":{"self":[{"href":"https:\/\/vinasfm.com\/noticias\/wp-json\/wp\/v2\/posts\/102533","targetHints":{"allow":["GET"]}}],"collection":[{"href":"https:\/\/vinasfm.com\/noticias\/wp-json\/wp\/v2\/posts"}],"about":[{"href":"https:\/\/vinasfm.com\/noticias\/wp-json\/wp\/v2\/types\/post"}],"author":[{"embeddable":true,"href":"https:\/\/vinasfm.com\/noticias\/wp-json\/wp\/v2\/users\/8"}],"replies":[{"embeddable":true,"href":"https:\/\/vinasfm.com\/noticias\/wp-json\/wp\/v2\/comments?post=102533"}],"version-history":[{"count":3,"href":"https:\/\/vinasfm.com\/noticias\/wp-json\/wp\/v2\/posts\/102533\/revisions"}],"predecessor-version":[{"id":102540,"href":"https:\/\/vinasfm.com\/noticias\/wp-json\/wp\/v2\/posts\/102533\/revisions\/102540"}],"wp:featuredmedia":[{"embeddable":true,"href":"https:\/\/vinasfm.com\/noticias\/wp-json\/wp\/v2\/media\/68014"}],"wp:attachment":[{"href":"https:\/\/vinasfm.com\/noticias\/wp-json\/wp\/v2\/media?parent=102533"}],"wp:term":[{"taxonomy":"category","embeddable":true,"href":"https:\/\/vinasfm.com\/noticias\/wp-json\/wp\/v2\/categories?post=102533"},{"taxonomy":"post_tag","embeddable":true,"href":"https:\/\/vinasfm.com\/noticias\/wp-json\/wp\/v2\/tags?post=102533"}],"curies":[{"name":"wp","href":"https:\/\/api.w.org\/{rel}","templated":true}]}}