{"id":102460,"date":"2021-12-06T23:55:47","date_gmt":"2021-12-07T02:55:47","guid":{"rendered":"http:\/\/vinasfm.com\/noticias\/?p=102460"},"modified":"2021-12-07T09:14:40","modified_gmt":"2021-12-07T12:14:40","slug":"ajedrez-se-disputo-el-v-abierto-de-general-alvear-en-el-multiespacio-bodega-faraon","status":"publish","type":"post","link":"https:\/\/vinasfm.com\/noticias\/ajedrez-se-disputo-el-v-abierto-de-general-alvear-en-el-multiespacio-bodega-faraon\/","title":{"rendered":"AJEDREZ: SE DISPUT\u00d3 EL V ABIERTO DE GENERAL ALVEAR EN EL MULTIESPACIO BODEGA FARA\u00d3N"},"content":{"rendered":"<h4><span style=\"color: #000000;\"><strong>Este fin de semana se llev\u00f3 a cabo el V Abierto de General Alvear, organizado por la Agrupaci\u00f3n Alvearense de Ajedrez, y con el apoyo de la Direcci\u00f3n de Turismo de la Municipalidad de General Alvear. Tambi\u00e9n se jug\u00f3 la IV Copa Fara\u00f3n en formato Blitz.<\/strong><\/span><\/h4>\n<p><span style=\"color: #000000;\"><strong>Grandes exponentes del ajedrez de Mendoza, C\u00f3rdoba, San Luis, San Juan, Corrientes, Neuqu\u00e9n y R\u00edo Negro estuvieron en el departamento para disputar el \u201cV Abierto de General Alvear\u201d<\/strong> jugado a un ritmo de 25 minutos por jugador. El evento repart\u00eda $30.000 en premios y <strong>fue ganado por el Maestro FIDE Correntino, Daniel P\u00e9rez, seguido por el Sanrafaelino (Neuquino por adopci\u00f3n) Emanuel Lima y el ex Campe\u00f3n Alvearense, \u00c1lvaro Acu\u00f1<\/strong>a, que complet\u00f3 el Podio.<\/span><\/p>\n<p><strong><span style=\"color: #000000;\">Principales Posiciones \u2013 \u201cV Abierto de General Alvear\u201d:<\/span><\/strong><\/p>\n<p><span style=\"color: #000000;\">1\u00ba MF Daniel P\u00e9rez (Corrientes) 8 Pts<\/span><br \/>\n<span style=\"color: #000000;\">2\u00ba Emanuel Lima (Neuqu\u00e9n) 7 Pts<\/span><br \/>\n<span style=\"color: #000000;\">3\u00ba \u00c1lvaro Acu\u00f1a (San Rafael) 7 Pts<\/span><br \/>\n<span style=\"color: #000000;\">4\u00ba MF Daniel Pacheco (Neuqu\u00e9n) 6,5 Pts<\/span><br \/>\n<span style=\"color: #000000;\">5\u00ba Leandro Mavrich (Neuqu\u00e9n) 6,5 Pts<\/span><br \/>\n<span style=\"color: #000000;\">6\u00ba Victor P\u00e9rez (Godoy Cruz) 6,5 Pts<\/span><br \/>\n<span style=\"color: #000000;\">7\u00ba Kevin Herrera (San Rafael) 6 Pts<\/span><br \/>\n<span style=\"color: #000000;\">8\u00ba Cristian Acosta (Mendoza) 6 Pts<\/span><br \/>\n<span style=\"color: #000000;\">9\u00ba Pablo Badde (San Luis) 6 Pts<\/span><br \/>\n<span style=\"color: #000000;\">10\u00ba Tom\u00e1s Caruso (Mendoza) 5,5 Pts<\/span><\/p>\n<p><span style=\"color: #000000;\">Por otra parte, el s\u00e1bado a la noche se disput\u00f3 la \u201cIV Copa Fara\u00f3n\u201d, de Blitz (Ajedrez rel\u00e1mpago), que tambi\u00e9n fue ganado por el MF Daniel P\u00e9rez, seguido por el joven Alvearense Juan Ignacio Ru\u00edz, de sobresaliente actuaci\u00f3n y el Neuquino Dami\u00e1n Mavrich.<\/span><\/p>\n<p><strong><span style=\"color: #000000;\">Principales Posiciones \u2013 \u201cIV Copa Fara\u00f3n\u201d:<\/span><\/strong><\/p>\n<p><span style=\"color: #000000;\">1\u00ba MF Daniel P\u00e9rez (Corrientes) 8,5 Pts<\/span><br \/>\n<span style=\"color: #000000;\">2\u00ba Juan Ignacio Ru\u00edz (General Alvear) 7 Pts<\/span><br \/>\n<span style=\"color: #000000;\">3\u00ba Leandro Mavrich (Neuqu\u00e9n) 6,5 Pts<\/span><br \/>\n<span style=\"color: #000000;\">4\u00ba Emanuel Lima (Neuqu\u00e9n) 6,5 Pts<\/span><br \/>\n<span style=\"color: #000000;\">5\u00ba MF Daniel Pacheco (Neuqu\u00e9n) 6 Pts<\/span><br \/>\n<span style=\"color: #000000;\">6\u00ba Jerem\u00edas Barahona (R\u00edo Negro) 6 Pts<\/span><br \/>\n<span style=\"color: #000000;\">7\u00ba Santiago Ar\u00e9valo (Neuqu\u00e9n) 6 Pts<\/span><br \/>\n<span style=\"color: #000000;\">8\u00ba \u00c1lvaro Acu\u00f1a (San Rafael) 6 Pts<\/span><br \/>\n<span style=\"color: #000000;\">9\u00ba Mateo Cabral (Neuqu\u00e9n) 5,5 Pts<\/span><br \/>\n<span style=\"color: #000000;\">10\u00ba Javier Besso (San Luis) 5,5 Pts<\/span><\/p>\n<h5><span style=\"color: #000000;\"><strong>\u2022Fuente: Agrupaci\u00f3n Alvearense de Ajedrez<\/strong><\/span><\/h5>\n","protected":false},"excerpt":{"rendered":"<p>Este fin de semana se llev\u00f3 a cabo el V Abierto de General Alvear, organizado por la Agrupaci\u00f3n Alvearense de Ajedrez, &#8230;<\/p>\n","protected":false},"author":7,"featured_media":102468,"comment_status":"open","ping_status":"open","sticky":false,"template":"","format":"standard","meta":{"footnotes":""},"categories":[5,3],"tags":[],"class_list":["post-102460","post","type-post","status-publish","format-standard","has-post-thumbnail","hentry","category-actualidad","category-deportes"],"_links":{"self":[{"href":"https:\/\/vinasfm.com\/noticias\/wp-json\/wp\/v2\/posts\/102460","targetHints":{"allow":["GET"]}}],"collection":[{"href":"https:\/\/vinasfm.com\/noticias\/wp-json\/wp\/v2\/posts"}],"about":[{"href":"https:\/\/vinasfm.com\/noticias\/wp-json\/wp\/v2\/types\/post"}],"author":[{"embeddable":true,"href":"https:\/\/vinasfm.com\/noticias\/wp-json\/wp\/v2\/users\/7"}],"replies":[{"embeddable":true,"href":"https:\/\/vinasfm.com\/noticias\/wp-json\/wp\/v2\/comments?post=102460"}],"version-history":[{"count":6,"href":"https:\/\/vinasfm.com\/noticias\/wp-json\/wp\/v2\/posts\/102460\/revisions"}],"predecessor-version":[{"id":102479,"href":"https:\/\/vinasfm.com\/noticias\/wp-json\/wp\/v2\/posts\/102460\/revisions\/102479"}],"wp:featuredmedia":[{"embeddable":true,"href":"https:\/\/vinasfm.com\/noticias\/wp-json\/wp\/v2\/media\/102468"}],"wp:attachment":[{"href":"https:\/\/vinasfm.com\/noticias\/wp-json\/wp\/v2\/media?parent=102460"}],"wp:term":[{"taxonomy":"category","embeddable":true,"href":"https:\/\/vinasfm.com\/noticias\/wp-json\/wp\/v2\/categories?post=102460"},{"taxonomy":"post_tag","embeddable":true,"href":"https:\/\/vinasfm.com\/noticias\/wp-json\/wp\/v2\/tags?post=102460"}],"curies":[{"name":"wp","href":"https:\/\/api.w.org\/{rel}","templated":true}]}}