{"id":102446,"date":"2021-12-06T20:25:31","date_gmt":"2021-12-06T23:25:31","guid":{"rendered":"http:\/\/vinasfm.com\/noticias\/?p=102446"},"modified":"2021-12-07T10:51:10","modified_gmt":"2021-12-07T13:51:10","slug":"camioneta-embistio-a-un-ciclista-en-diagonal-pellegrini-y-triccerri","status":"publish","type":"post","link":"https:\/\/vinasfm.com\/noticias\/camioneta-embistio-a-un-ciclista-en-diagonal-pellegrini-y-triccerri\/","title":{"rendered":"CAMIONETA EMBISTI\u00d3 A UN CICLISTA EN DIAGONAL PELLEGRINI Y TRICCERRI"},"content":{"rendered":"<h4><span style=\"color: #000000;\"><strong>Nuevamente, la intersecci\u00f3n de Diagonal Carlos Pellegrini y calle Silvio Triccerri fue escenario de un accidente de tr\u00e1nsito protagonizado por una camioneta y una bicicleta, ambas movilidades guiadas por hombres mayores de edad.<\/strong><\/span><\/h4>\n<p><span style=\"color: #000000;\">Desde <strong>Polic\u00eda Vial<\/strong> informaron en di\u00e1logo con <strong>F.M. Vi\u00f1as<\/strong> que el siniestro ocurri\u00f3 a las <strong>6:40hs de este s\u00e1bado<\/strong> en la citada esquina, escenario recurrente de hechos de accidentolog\u00eda.<\/span><\/p>\n<p><span style=\"color: #000000;\">La rese\u00f1a oficial reconstruye que la <strong>camioneta marca Chevrolet S-10 se desplazaba por Triccerri en direcci\u00f3n al sur<\/strong> mientras que <strong>el rodado menor tipo Todo Terreno circulaba por la Diagonal hacia el noroeste<\/strong>.<\/span><\/p>\n<p><span style=\"color: #000000;\">Producto del impacto, <strong>el ciclista cay\u00f3 pesadamente al suelo, raz\u00f3n por la que sufri\u00f3 lesiones de car\u00e1cter leve<\/strong>.\u00a0<\/span><\/p>\n<p><span style=\"color: #000000;\">Se labraron actuaciones en &#8216;<strong><em>Averiguaci\u00f3n Lesiones Cuposas<\/em><\/strong>&#8216; bajo instrucci\u00f3n de la <strong>Unidad Fiscal de Comisar\u00eda 14\u00aa<\/strong>.<\/span><\/p>\n<h5><span style=\"color: #000000;\">\u2022F.B. (F.M. Vi\u00f1as).<\/span><\/h5>\n","protected":false},"excerpt":{"rendered":"<p>Nuevamente, la intersecci\u00f3n de Diagonal Carlos Pellegrini y calle Silvio Triccerri fue escenario de un accidente de tr\u00e1nsito protagonizado por una &#8230;<\/p>\n","protected":false},"author":8,"featured_media":66502,"comment_status":"open","ping_status":"open","sticky":false,"template":"","format":"standard","meta":{"footnotes":""},"categories":[5,4],"tags":[],"class_list":["post-102446","post","type-post","status-publish","format-standard","has-post-thumbnail","hentry","category-actualidad","category-policiales"],"_links":{"self":[{"href":"https:\/\/vinasfm.com\/noticias\/wp-json\/wp\/v2\/posts\/102446","targetHints":{"allow":["GET"]}}],"collection":[{"href":"https:\/\/vinasfm.com\/noticias\/wp-json\/wp\/v2\/posts"}],"about":[{"href":"https:\/\/vinasfm.com\/noticias\/wp-json\/wp\/v2\/types\/post"}],"author":[{"embeddable":true,"href":"https:\/\/vinasfm.com\/noticias\/wp-json\/wp\/v2\/users\/8"}],"replies":[{"embeddable":true,"href":"https:\/\/vinasfm.com\/noticias\/wp-json\/wp\/v2\/comments?post=102446"}],"version-history":[{"count":5,"href":"https:\/\/vinasfm.com\/noticias\/wp-json\/wp\/v2\/posts\/102446\/revisions"}],"predecessor-version":[{"id":102485,"href":"https:\/\/vinasfm.com\/noticias\/wp-json\/wp\/v2\/posts\/102446\/revisions\/102485"}],"wp:featuredmedia":[{"embeddable":true,"href":"https:\/\/vinasfm.com\/noticias\/wp-json\/wp\/v2\/media\/66502"}],"wp:attachment":[{"href":"https:\/\/vinasfm.com\/noticias\/wp-json\/wp\/v2\/media?parent=102446"}],"wp:term":[{"taxonomy":"category","embeddable":true,"href":"https:\/\/vinasfm.com\/noticias\/wp-json\/wp\/v2\/categories?post=102446"},{"taxonomy":"post_tag","embeddable":true,"href":"https:\/\/vinasfm.com\/noticias\/wp-json\/wp\/v2\/tags?post=102446"}],"curies":[{"name":"wp","href":"https:\/\/api.w.org\/{rel}","templated":true}]}}