{"id":102405,"date":"2021-12-04T20:30:05","date_gmt":"2021-12-04T23:30:05","guid":{"rendered":"http:\/\/vinasfm.com\/noticias\/?p=102405"},"modified":"2021-12-06T21:02:27","modified_gmt":"2021-12-07T00:02:27","slug":"ganancias-deportivas-citan-a-damnificados-para-intentar-negociar-con-la-empresa","status":"publish","type":"post","link":"https:\/\/vinasfm.com\/noticias\/ganancias-deportivas-citan-a-damnificados-para-intentar-negociar-con-la-empresa\/","title":{"rendered":"GANANCIAS DEPORTIVAS: CITAN A DAMNIFICADOS PARA INTENTAR NEGOCIAR CON LA &#8216;EMPRESA&#8217;"},"content":{"rendered":"<h4><span style=\"color: #000000;\"><strong>La Segunda Fiscal\u00eda de la Unidad Fiscal Departamental de San Rafael convoc\u00f3 a presuntos damnificados por la estructura financiera &#8216;Ganancias Deportivas&#8217; a una audiencia en la que se intentar\u00e1 comenzar a negociar con representantes de la empresa la reparaci\u00f3n del perjuicio ocasionado.<\/strong><\/span><\/h4>\n<p><span style=\"color: #000000;\">En medio de una controversia que se profundiz\u00f3 a fines de julio de este a\u00f1o, cuando GD dej\u00f3 de pagar los dividendos que promet\u00eda originalmente, y que a\u00fan mantiene la duda \u2013que debe resolver la Corte Suprema de la Naci\u00f3n- respecto a si la investigaci\u00f3n de una supuesta estafa corresponde a la justicia provincial o a la federal, desde la fiscal\u00eda se afirm\u00f3 que el martes 28 de diciembre, desde las 8:30 y en el auditorio del Poder Judicial, se realizar\u00e1 esta audiencia a los t\u00e9rminos del art\u00edculo 5 del C\u00f3digo Procesal Penal de Mendoza (&#8216;<strong><em>Los tribunales deber\u00e1n resolver el conflicto surgido a consecuencia del hecho, de conformidad con los principios contenidos en las leyes, en procura de contribuir a restaurar la armon\u00eda social entre sus protagonistas<\/em><\/strong>&#8216;). <\/span><\/p>\n<p><span style=\"color: #000000;\">Los interesados deber\u00e1n concurrir a dicha instancia con el Documento Nacional de Identidad y una fotocopia simple del mismo para su correcta identificaci\u00f3n, oportunidad en la que se les invitar\u00e1 a llenar un formulario para registro de la fiscal\u00eda.<\/span><\/p>\n<p><span class=\"sigijh_hlt sigijh_animateMe\" style=\"color: #000000;\">La unidad fiscal que encabeza el <strong>doctor Javier Giaroli<\/strong> detall\u00f3 que ese d\u00eda se presentar\u00e1 un abogado representante de GD para intentar conciliar posiciones. Asimismo, se inform\u00f3 que los requisitos anunciados unilateralmente por GD para iniciar tratativas con los posibles damnificados son: que no hayan recuperado su inversi\u00f3n inicial, que no hayan realizado reinversiones y que hayan solicitado su desafiliaci\u00f3n.<\/span><\/p>\n<p><span style=\"color: #000000;\">Frente a ello, Giaroli afirm\u00f3: &#8216;<strong><em>No garantizo la seriedad de la propuesta de reparaci\u00f3n de perjuicio que se est\u00e1 realizando, no auspicio a ninguna persona a realizar ninguna actividad como desafiliaciones para poder participar de la reuni\u00f3n, aclarando que la intervenci\u00f3n de personal de la fiscal\u00eda ser\u00e1 \u00fanicamente con el objetivo de 1) identificar a posibles damnificados, 2) corroborar el avance de esas negociaciones y 3) documentar la posible conformidad de alguna de las presuntas v\u00edctimas, ya que la reparaci\u00f3n del perjuicio es una posible causal de extinci\u00f3n de la acci\u00f3n penal y el consiguiente sobreseimiento de futuros acusados<\/em><\/strong>&#8216;.<\/span><\/p>\n<blockquote>\n<p style=\"text-align: center;\"><span style=\"color: #000000;\"><strong><em>&#8216;No garantizo la seriedad de la propuesta de reparaci\u00f3n de perjuicio que se est\u00e1 realizando&#8217;<\/em><\/strong><\/span><\/p>\n<\/blockquote>\n<p><span style=\"color: #000000;\">&#8216;<strong><em>Atento a que, como sostengo, no garantizo la seriedad de la propuesta que se est\u00e1 realizando, se ha decidido que en una primer etapa la audiencia se celebre \u00fanicamente con posibles damnificados con domicilio en la ciudad de San Rafael, y en caso de corroborarse que esas tratativas avanzan y revisten seriedad, reci\u00e9n luego convocar a otras futuras audiencias a personas con domicilio en otros puntos de la provincia y\/o el pa\u00eds<\/em><\/strong>&#8216;, concluy\u00f3 el fiscal.<\/span><\/p>\n<h5><span style=\"color: #000000;\">Fuente: Diario San Rafael.<\/span><\/h5>\n","protected":false},"excerpt":{"rendered":"<p>La Segunda Fiscal\u00eda de la Unidad Fiscal Departamental de San Rafael convoc\u00f3 a presuntos damnificados por la estructura financiera &#8216;Ganancias Deportivas&#8217; &#8230;<\/p>\n","protected":false},"author":8,"featured_media":102406,"comment_status":"open","ping_status":"open","sticky":false,"template":"","format":"standard","meta":{"footnotes":""},"categories":[5,22],"tags":[],"class_list":["post-102405","post","type-post","status-publish","format-standard","has-post-thumbnail","hentry","category-actualidad","category-justicia"],"_links":{"self":[{"href":"https:\/\/vinasfm.com\/noticias\/wp-json\/wp\/v2\/posts\/102405","targetHints":{"allow":["GET"]}}],"collection":[{"href":"https:\/\/vinasfm.com\/noticias\/wp-json\/wp\/v2\/posts"}],"about":[{"href":"https:\/\/vinasfm.com\/noticias\/wp-json\/wp\/v2\/types\/post"}],"author":[{"embeddable":true,"href":"https:\/\/vinasfm.com\/noticias\/wp-json\/wp\/v2\/users\/8"}],"replies":[{"embeddable":true,"href":"https:\/\/vinasfm.com\/noticias\/wp-json\/wp\/v2\/comments?post=102405"}],"version-history":[{"count":5,"href":"https:\/\/vinasfm.com\/noticias\/wp-json\/wp\/v2\/posts\/102405\/revisions"}],"predecessor-version":[{"id":102409,"href":"https:\/\/vinasfm.com\/noticias\/wp-json\/wp\/v2\/posts\/102405\/revisions\/102409"}],"wp:featuredmedia":[{"embeddable":true,"href":"https:\/\/vinasfm.com\/noticias\/wp-json\/wp\/v2\/media\/102406"}],"wp:attachment":[{"href":"https:\/\/vinasfm.com\/noticias\/wp-json\/wp\/v2\/media?parent=102405"}],"wp:term":[{"taxonomy":"category","embeddable":true,"href":"https:\/\/vinasfm.com\/noticias\/wp-json\/wp\/v2\/categories?post=102405"},{"taxonomy":"post_tag","embeddable":true,"href":"https:\/\/vinasfm.com\/noticias\/wp-json\/wp\/v2\/tags?post=102405"}],"curies":[{"name":"wp","href":"https:\/\/api.w.org\/{rel}","templated":true}]}}