{"id":102391,"date":"2021-12-03T08:00:06","date_gmt":"2021-12-03T11:00:06","guid":{"rendered":"http:\/\/vinasfm.com\/noticias\/?p=102391"},"modified":"2021-12-06T10:20:42","modified_gmt":"2021-12-06T13:20:42","slug":"ing-lange-y-mitre-escenario-de-un-nuevo-accidente-de-transito","status":"publish","type":"post","link":"https:\/\/vinasfm.com\/noticias\/ing-lange-y-mitre-escenario-de-un-nuevo-accidente-de-transito\/","title":{"rendered":"ING. LANGE Y MITRE, ESCENARIO DE UN NUEVO ACCIDENTE DE TR\u00c1NSITO"},"content":{"rendered":"<h4><span style=\"color: #000000;\"><strong>Una ciclista termin\u00f3 con varios golpes luego de ser embestida por una camioneta en la intersecci\u00f3n de calles Mitre e Ingeniero Lange de Ciudad.\u00a0<\/strong><\/span><\/h4>\n<p><span style=\"color: #000000;\">El siniestro se produjo a las <strong>07:30hs de este viernes<\/strong> entre una <strong>camioneta marca Chevrolet<\/strong>, al mando de una mujer acompa\u00f1ada por su hijo, y una <strong>bicicleta tipo todo terreno<\/strong> guiada por una joven mayor de edad.<\/span><\/p>\n<p><span style=\"color: #000000;\">La rese\u00f1a oficial suministrada por <strong>Polic\u00eda Vial<\/strong> a <strong>F.M. Vi\u00f1as<\/strong> reconstruye que <strong>el rodado mayor circulaba en direcci\u00f3n al sur por Ingeniero Lange<\/strong> mientras que <strong>el biciclo se desplazaba en direcci\u00f3n al oeste por Mitre<\/strong>.<\/span><\/p>\n<p><span style=\"color: #000000;\">Pese a que <strong>la prioridad de paso la ten\u00eda la camioneta<\/strong>, la ciclista intent\u00f3 cruzar r\u00e1pidamente no d\u00e1ndole tiempo a la otra conductora de frenar por lo que termin\u00f3 impact\u00e1ndola. Producto de la colisi\u00f3n, <strong>quien iba al mando de la todo terreno cay\u00f3 pesadamente al suelo ocasion\u00e1ndole lesiones de car\u00e1cter leve<\/strong>, motivo por el que fue trasladada al Hospital Enfermeros Argentinos para su asistencia.\u00a0<\/span><\/p>\n<p><span style=\"color: #000000;\">En el lugar trabaj\u00f3 personal de Polic\u00eda Vial y Cient\u00edfica realizando las medidas de rigor bajo instrucci\u00f3n de la Unidad Fiscal de General Alvear. Se labraron actuaciones\u00a0 en &#8216;<strong><em>Averiguaci\u00f3n lesiones culposas<\/em><\/strong>&#8216;.<\/span><\/p>\n<h5><span style=\"color: #000000;\">\u2022F.B.\u00a0<\/span><\/h5>\n","protected":false},"excerpt":{"rendered":"<p>Una ciclista termin\u00f3 con varios golpes luego de ser embestida por una camioneta en la intersecci\u00f3n de calles Mitre e Ingeniero &#8230;<\/p>\n","protected":false},"author":8,"featured_media":102392,"comment_status":"open","ping_status":"open","sticky":false,"template":"","format":"standard","meta":{"footnotes":""},"categories":[5,4],"tags":[],"class_list":["post-102391","post","type-post","status-publish","format-standard","has-post-thumbnail","hentry","category-actualidad","category-policiales"],"_links":{"self":[{"href":"https:\/\/vinasfm.com\/noticias\/wp-json\/wp\/v2\/posts\/102391","targetHints":{"allow":["GET"]}}],"collection":[{"href":"https:\/\/vinasfm.com\/noticias\/wp-json\/wp\/v2\/posts"}],"about":[{"href":"https:\/\/vinasfm.com\/noticias\/wp-json\/wp\/v2\/types\/post"}],"author":[{"embeddable":true,"href":"https:\/\/vinasfm.com\/noticias\/wp-json\/wp\/v2\/users\/8"}],"replies":[{"embeddable":true,"href":"https:\/\/vinasfm.com\/noticias\/wp-json\/wp\/v2\/comments?post=102391"}],"version-history":[{"count":2,"href":"https:\/\/vinasfm.com\/noticias\/wp-json\/wp\/v2\/posts\/102391\/revisions"}],"predecessor-version":[{"id":102395,"href":"https:\/\/vinasfm.com\/noticias\/wp-json\/wp\/v2\/posts\/102391\/revisions\/102395"}],"wp:featuredmedia":[{"embeddable":true,"href":"https:\/\/vinasfm.com\/noticias\/wp-json\/wp\/v2\/media\/102392"}],"wp:attachment":[{"href":"https:\/\/vinasfm.com\/noticias\/wp-json\/wp\/v2\/media?parent=102391"}],"wp:term":[{"taxonomy":"category","embeddable":true,"href":"https:\/\/vinasfm.com\/noticias\/wp-json\/wp\/v2\/categories?post=102391"},{"taxonomy":"post_tag","embeddable":true,"href":"https:\/\/vinasfm.com\/noticias\/wp-json\/wp\/v2\/tags?post=102391"}],"curies":[{"name":"wp","href":"https:\/\/api.w.org\/{rel}","templated":true}]}}