{"id":102390,"date":"2021-12-04T19:59:51","date_gmt":"2021-12-04T22:59:51","guid":{"rendered":"http:\/\/vinasfm.com\/noticias\/?p=102390"},"modified":"2021-12-06T11:28:03","modified_gmt":"2021-12-06T14:28:03","slug":"alvear-cuenta-con-un-importante-banco-de-insumos-ortopedicos","status":"publish","type":"post","link":"https:\/\/vinasfm.com\/noticias\/alvear-cuenta-con-un-importante-banco-de-insumos-ortopedicos\/","title":{"rendered":"ALVEAR CUENTA CON UN IMPORTANTE BANCO DE INSUMOS ORTOP\u00c9DICOS"},"content":{"rendered":"<h4><strong><span style=\"color: #000000;\"><span style=\"color: #000000;\">En el marco del D\u00eda Internacional de las Personas con Discapacidad, en el Sal\u00f3n de los Talleres de Discapacidad del Polideportivo Municipal, se realiz\u00f3 una Obra Teatral con la participaci\u00f3n de los j\u00f3venes que concurren a dicho taller y se hizo la presentaci\u00f3n del banco de insumos ortop\u00e9dicos.<\/span><\/span><\/strong><\/h4>\n<div id=\"attachment_102415\" style=\"width: 300px\" class=\"wp-caption alignleft\"><a href=\"http:\/\/vinasfm.com\/noticias\/wp-content\/uploads\/2021\/12\/c1295545-88e3-4aeb-bed5-ae6b5166551a.jpg\"><img loading=\"lazy\" decoding=\"async\" aria-describedby=\"caption-attachment-102415\" class=\"wp-image-102415 size-medium\" src=\"http:\/\/vinasfm.com\/noticias\/wp-content\/uploads\/2021\/12\/c1295545-88e3-4aeb-bed5-ae6b5166551a-300x200.jpg\" alt=\"\" width=\"300\" height=\"200\" srcset=\"https:\/\/vinasfm.com\/noticias\/wp-content\/uploads\/2021\/12\/c1295545-88e3-4aeb-bed5-ae6b5166551a-300x200.jpg 300w, https:\/\/vinasfm.com\/noticias\/wp-content\/uploads\/2021\/12\/c1295545-88e3-4aeb-bed5-ae6b5166551a-768x512.jpg 768w, https:\/\/vinasfm.com\/noticias\/wp-content\/uploads\/2021\/12\/c1295545-88e3-4aeb-bed5-ae6b5166551a.jpg 1024w\" sizes=\"auto, (max-width: 300px) 100vw, 300px\" \/><\/a><p id=\"caption-attachment-102415\" class=\"wp-caption-text\">Presentaci\u00f3n den banco de insumos ortop\u00e9dicos.<\/p><\/div>\n<p><span style=\"color: #000000;\">Luego de la presentaci\u00f3n art\u00edstica y muestra por parte de los miembros del taller se entregaron presentes y se concluy\u00f3 con un \u00e1gape celebrando los avances que se logran en materia de inclusi\u00f3n, actividades de las que participaron el <strong>Intendente Walther Marcolini<\/strong>, la <strong>Secretaria de Desarrollo Humano Norma Ru\u00edz<\/strong>, la <strong>Directora de Familia Nancy Vinnitechenko<\/strong> y la <strong>Asesora de Discapacidad Tania Rocasalvo.<\/strong><\/span><\/p>\n<p><span style=\"color: #000000;\">&#8216;<strong><em>Este es u<\/em><\/strong><em><b>n proyecto <\/b><span style=\"color: #000000;\"><b>iniciado<\/b><\/span><b> por el Intendente Marcolini que una vez aprobado se lograron adquirir m\u00e1s de 100 insumos <\/b><span style=\"color: #000000;\"><b>ortop\u00e9dicos&#8217;, <\/b><\/span><\/em><span style=\"color: #000000;\">destac\u00f3 Rocasalvo en di\u00e1logo con <em>F.M. Vi\u00f1as<\/em>.<\/span><\/span><\/p>\n<p><span style=\"color: #000000;\">\u00a0En la misma l\u00ednea anticip\u00f3 que la semana pr\u00f3xima se va a informar c\u00f3mo pueden acceder aquellos que necesiten usar estos elementos: &#8216;<strong><em>V<\/em><\/strong><em><b>amos a tener algunas pautas en un contrato y una lista de requisitos <\/b><b>para que la gente se pueda acercar y <\/b><\/em><em><span style=\"color: #000000;\"><b>obtenerlo&#8217;, <\/b><\/span><\/em><span style=\"color: #000000;\">detall\u00f3.\u00a0<\/span><\/span><\/p>\n<p><span style=\"color: #000000;\"><em><b>&#8216;Los insumos que tenemos son camas ortop\u00e9dicas, muletas, sillas de ruedas para chicos y para grandes, collarines, bipedestadores<\/b><b>&#8216;<\/b><\/em>, concluy\u00f3.<\/span><\/p>\n<p><a href=\"http:\/\/vinasfm.com\/noticias\/wp-content\/uploads\/2021\/12\/4c01e4b3-a167-43b4-8b76-f172b62f2819.jpg\"><img loading=\"lazy\" decoding=\"async\" class=\" wp-image-102416 aligncenter\" src=\"http:\/\/vinasfm.com\/noticias\/wp-content\/uploads\/2021\/12\/4c01e4b3-a167-43b4-8b76-f172b62f2819-300x200.jpg\" alt=\"\" width=\"557\" height=\"371\" srcset=\"https:\/\/vinasfm.com\/noticias\/wp-content\/uploads\/2021\/12\/4c01e4b3-a167-43b4-8b76-f172b62f2819-300x200.jpg 300w, https:\/\/vinasfm.com\/noticias\/wp-content\/uploads\/2021\/12\/4c01e4b3-a167-43b4-8b76-f172b62f2819-768x512.jpg 768w, https:\/\/vinasfm.com\/noticias\/wp-content\/uploads\/2021\/12\/4c01e4b3-a167-43b4-8b76-f172b62f2819.jpg 1024w\" sizes=\"auto, (max-width: 557px) 100vw, 557px\" \/><\/a><\/p>\n","protected":false},"excerpt":{"rendered":"<p>En el marco del D\u00eda Internacional de las Personas con Discapacidad, en el Sal\u00f3n de los Talleres de Discapacidad del Polideportivo &#8230;<\/p>\n","protected":false},"author":7,"featured_media":102414,"comment_status":"open","ping_status":"open","sticky":false,"template":"","format":"standard","meta":{"footnotes":""},"categories":[5,10],"tags":[],"class_list":["post-102390","post","type-post","status-publish","format-standard","has-post-thumbnail","hentry","category-actualidad","category-destacadas"],"_links":{"self":[{"href":"https:\/\/vinasfm.com\/noticias\/wp-json\/wp\/v2\/posts\/102390","targetHints":{"allow":["GET"]}}],"collection":[{"href":"https:\/\/vinasfm.com\/noticias\/wp-json\/wp\/v2\/posts"}],"about":[{"href":"https:\/\/vinasfm.com\/noticias\/wp-json\/wp\/v2\/types\/post"}],"author":[{"embeddable":true,"href":"https:\/\/vinasfm.com\/noticias\/wp-json\/wp\/v2\/users\/7"}],"replies":[{"embeddable":true,"href":"https:\/\/vinasfm.com\/noticias\/wp-json\/wp\/v2\/comments?post=102390"}],"version-history":[{"count":5,"href":"https:\/\/vinasfm.com\/noticias\/wp-json\/wp\/v2\/posts\/102390\/revisions"}],"predecessor-version":[{"id":102420,"href":"https:\/\/vinasfm.com\/noticias\/wp-json\/wp\/v2\/posts\/102390\/revisions\/102420"}],"wp:featuredmedia":[{"embeddable":true,"href":"https:\/\/vinasfm.com\/noticias\/wp-json\/wp\/v2\/media\/102414"}],"wp:attachment":[{"href":"https:\/\/vinasfm.com\/noticias\/wp-json\/wp\/v2\/media?parent=102390"}],"wp:term":[{"taxonomy":"category","embeddable":true,"href":"https:\/\/vinasfm.com\/noticias\/wp-json\/wp\/v2\/categories?post=102390"},{"taxonomy":"post_tag","embeddable":true,"href":"https:\/\/vinasfm.com\/noticias\/wp-json\/wp\/v2\/tags?post=102390"}],"curies":[{"name":"wp","href":"https:\/\/api.w.org\/{rel}","templated":true}]}}