{"id":102345,"date":"2021-12-06T09:03:59","date_gmt":"2021-12-06T12:03:59","guid":{"rendered":"http:\/\/vinasfm.com\/noticias\/?p=102345"},"modified":"2021-12-06T10:22:11","modified_gmt":"2021-12-06T13:22:11","slug":"alvear-participa-activamente-en-la-cumbre-de-mercociudades","status":"publish","type":"post","link":"https:\/\/vinasfm.com\/noticias\/alvear-participa-activamente-en-la-cumbre-de-mercociudades\/","title":{"rendered":"ALVEAR PARTICIP\u00d3 ACTIVAMENTE EN LA CUMBRE DE MERCOCIUDADES"},"content":{"rendered":"<h4><span style=\"color: #000000;\"><strong>En Esteban Echeverr\u00eda (Bs. As.), General Alvear fue protagonista de la XXVI Cumbre de Mercociudades que reuni\u00f3 a cientos de participantes en modalidad virtual y presencial, representando a gobiernos locales de Argentina, Bolivia, Brasil, Chile, Colombia, Ecuador, M\u00e9xico, Per\u00fa, Uruguay y Venezuela; as\u00ed como a organizaciones sociales, instituciones acad\u00e9micas y a diversos organismos de escala mundial. <\/strong><\/span><\/h4>\n<p><span style=\"color: #000000;\">General Alvear est\u00e1 representado por <strong>Carina Lucero<\/strong> (Coordinadora de Planificaci\u00f3n y Relaciones Internacionales) de manera presencial, y por <strong>Jer\u00f3nimo Colla<\/strong> (Director de Deportes), de manera virtual, por ser General Alvear, la ciudad coordinadora de la Unidad Tem\u00e1tica \u201c<em>Deportes<\/em>\u201d.<\/span><\/p>\n<p><span style=\"color: #000000;\">La apertura de la jornada coincidi\u00f3 con el inici\u00f3 del seminario internacional \u201c<strong><em>Gobiernos y sociedad civil trabajando juntos por una comunicaci\u00f3n accesible<\/em><\/strong>\u201d, en el que el intendente anfitri\u00f3n, <strong>Fernando Gray<\/strong>, expres\u00f3: \u201c<strong><em>La accesibilidad debe ser un tema central en la agenda comunicacional de los gobiernos ya que somos el primer eslab\u00f3n de la vida en democracia y el articulador entre la pr\u00e1ctica c\u00edvica y la ciudadan\u00eda<\/em><\/strong>\u201d.<\/span><\/p>\n<p><span style=\"color: #000000;\">Prosiguiendo su alocuci\u00f3n el jerarca resalt\u00f3 la importancia de \u201c<strong><em>dise\u00f1ar e implementar pol\u00edticas p\u00fablicas que propicien nuevas formas de vincularnos y de desarrollar el trato y las pr\u00e1cticas hacia y con las personas en situaci\u00f3n de discapacidad<\/em><\/strong>\u00ab[\u2026]\u00bb<strong><em>Es hora de incorporar a nuestra gesti\u00f3n innovadoras herramientas comunicacionales, adaptadas a los nuevos paradigmas de comunicaci\u00f3n e interacci\u00f3n, aboliendo estereotipos y barreras que excluyen a las y los ciudadanos con discapacidad<\/em><\/strong>\u201d.<\/span><\/p>\n<h4><span style=\"color: #000000;\"><strong>Seminarios<\/strong><\/span><\/h4>\n<p><span style=\"color: #000000;\">El primer seminario de la jornada cont\u00f3 con la participaci\u00f3n de la asesora municipal, concejal electa de Esteban Echeverr\u00eda y titular de Casa MANU, Silvia Casas; la subsecretaria de Accesibilidad y Derechos de las Personas con Discapacidad del Municipio de Santa Fe, Gabriela Bruno; y la coordinaci\u00f3n de la concejal por Villa Carlos Paz (Argentina), Patricia Morla.<\/span><\/p>\n<p><span style=\"color: #000000;\">Las intervenciones virtuales estuvieron a cargo de Mar\u00eda Soledad Cisternas Reyes, enviada especial del secretario general de Naciones Unidas sobre la Accesibilidad y la Discapacidad, y Marianne Vorthoren, l\u00edder de proyecto en la Asociaci\u00f3n de Municipios Holandeses, quien present\u00f3 buenas pr\u00e1cticas en accesibilidad e innovaci\u00f3n de los municipios holandeses. <\/span><\/p>\n<p><span style=\"color: #000000;\">Por su parte, Cisternas resalt\u00f3 el principal elemento que integra el concepto de Derecho a la Ciudad: la accesibilidad universal. En este sentido, resalt\u00f3 las diversas necesidades en accesibilidad que la Pandemia puso en perspectiva, en \u00e1reas como la comunicaci\u00f3n, salud, cultura, transporte, entre otros.<\/span><\/p>\n<p><span style=\"color: #000000;\">En el segundo seminario, General Alvear fue protagonista ya que se habl\u00f3 de \u201c<strong><em>La Cooperaci\u00f3n Sur Sur y sus aliados<\/em><\/strong>\u201d, fue as\u00ed que se present\u00f3 el Programa de Cooperaci\u00f3n Sur Sur y experiencias de los gobiernos locales de S\u00e3o Paulo (Brasil) y General Alvear (Argentina). <\/span><\/p>\n<p><span style=\"color: #000000;\">Adem\u00e1s, se presentaron las l\u00edneas de trabajo de cooperaci\u00f3n en el territorio de AUCI y SEGIB. El director de la Agencia Uruguaya de Cooperaci\u00f3n Internacional (AUCI), Mariano Berro, destac\u00f3 la importancia de los gobiernos locales para ejecutar pol\u00edticas con gran impacto. Por su parte, el director de la Secretar\u00eda General Iberoamericana (SEGIB), Alejo Ram\u00edrez, reflexion\u00f3 sobre el esp\u00edritu de la Cooperaci\u00f3n Sur Sur, en el que el intercambio se destaca por ser \u201chorizontal, t\u00e9cnico y solidario\u201d.<\/span><\/p>\n<p><span style=\"color: #000000;\">Adem\u00e1s de los seminarios, durante la jornada se propici\u00f3 el encuentro de las siguientes instancias tem\u00e1ticas de Mercociudades: Educaci\u00f3n; Ciencia, Tecnolog\u00eda y Capacitaci\u00f3n; Fomento de Negocios; Turismo y Deportes. En las que se evaluaron las acciones del a\u00f1o, se realizaron ponencias en l\u00edneas de acci\u00f3n prioritarias y se propusieron las agendas a desarrollar para el a\u00f1o pr\u00f3ximo.<\/span><\/p>\n<h4><span style=\"color: #000000;\"><strong>Agenda de la Cumbre<\/strong><\/span><\/h4>\n<p><span style=\"color: #000000;\">Las actividades contin\u00faan hoy con las reuniones del Consejo y la Direcci\u00f3n Ejecutiva de Mercociudades, en la que participar\u00e1n autoridades locales de 10 pa\u00edses de la regi\u00f3n, y la realizaci\u00f3n de dos seminarios, \u201c<strong><em>Ciudades perif\u00e9ricas, territorios esenciales para el desarrollo de las \u00e1reas metropolitanas<\/em><\/strong>\u201d, y \u201c<strong><em>La ambici\u00f3n clim\u00e1tica de las Mercociudades<\/em><\/strong>\u201d.<\/span><\/p>\n<p><span style=\"color: #000000;\">Otro momento destacado de la jornada lo conformar\u00e1n las reuniones de las siguientes instancias tem\u00e1ticas de la Red: Ambiente y Desarrollo Sostenible; Cultura; Derechos Humanos; Juventudes; Planificaci\u00f3n Estrat\u00e9gica y \u00c1reas Metropolitanas; Desarrollo Econ\u00f3mico Local; Desarrollo Social; Seguridad Ciudadana; G\u00e9nero e Integraci\u00f3n Fronteriza.<\/span><\/p>\n<p><span style=\"color: #000000;\">Acceda a las noticias y agendas de la Cumbre, siga y comparta el evento en redes a trav\u00e9s del hashtag <strong>#CumbreMercociudades<\/strong> y acceda a los espacios p\u00fablicos a trav\u00e9s de YouTube.<\/span><\/p>\n","protected":false},"excerpt":{"rendered":"<p>En Esteban Echeverr\u00eda (Bs. As.), General Alvear fue protagonista de la XXVI Cumbre de Mercociudades que reuni\u00f3 a cientos de participantes &#8230;<\/p>\n","protected":false},"author":8,"featured_media":102346,"comment_status":"open","ping_status":"open","sticky":false,"template":"","format":"standard","meta":{"footnotes":""},"categories":[5,10],"tags":[],"class_list":["post-102345","post","type-post","status-publish","format-standard","has-post-thumbnail","hentry","category-actualidad","category-destacadas"],"_links":{"self":[{"href":"https:\/\/vinasfm.com\/noticias\/wp-json\/wp\/v2\/posts\/102345","targetHints":{"allow":["GET"]}}],"collection":[{"href":"https:\/\/vinasfm.com\/noticias\/wp-json\/wp\/v2\/posts"}],"about":[{"href":"https:\/\/vinasfm.com\/noticias\/wp-json\/wp\/v2\/types\/post"}],"author":[{"embeddable":true,"href":"https:\/\/vinasfm.com\/noticias\/wp-json\/wp\/v2\/users\/8"}],"replies":[{"embeddable":true,"href":"https:\/\/vinasfm.com\/noticias\/wp-json\/wp\/v2\/comments?post=102345"}],"version-history":[{"count":4,"href":"https:\/\/vinasfm.com\/noticias\/wp-json\/wp\/v2\/posts\/102345\/revisions"}],"predecessor-version":[{"id":102466,"href":"https:\/\/vinasfm.com\/noticias\/wp-json\/wp\/v2\/posts\/102345\/revisions\/102466"}],"wp:featuredmedia":[{"embeddable":true,"href":"https:\/\/vinasfm.com\/noticias\/wp-json\/wp\/v2\/media\/102346"}],"wp:attachment":[{"href":"https:\/\/vinasfm.com\/noticias\/wp-json\/wp\/v2\/media?parent=102345"}],"wp:term":[{"taxonomy":"category","embeddable":true,"href":"https:\/\/vinasfm.com\/noticias\/wp-json\/wp\/v2\/categories?post=102345"},{"taxonomy":"post_tag","embeddable":true,"href":"https:\/\/vinasfm.com\/noticias\/wp-json\/wp\/v2\/tags?post=102345"}],"curies":[{"name":"wp","href":"https:\/\/api.w.org\/{rel}","templated":true}]}}