{"id":102318,"date":"2021-12-03T15:00:53","date_gmt":"2021-12-03T18:00:53","guid":{"rendered":"http:\/\/vinasfm.com\/noticias\/?p=102318"},"modified":"2021-12-06T09:11:38","modified_gmt":"2021-12-06T12:11:38","slug":"piqueteros-exigieron-cajas-navidenas-o-donaciones-a-empresas-alvearenses","status":"publish","type":"post","link":"https:\/\/vinasfm.com\/noticias\/piqueteros-exigieron-cajas-navidenas-o-donaciones-a-empresas-alvearenses\/","title":{"rendered":"PIQUETEROS EXIGIERON CAJAS NAVIDE\u00d1AS O DONACIONES A EMPRESAS ALVEARENSES"},"content":{"rendered":"<h4><span style=\"color: #000000;\"><strong>Durante la ma\u00f1ana de este jueves, el grupo piquetero FOL (Frente de Organizaciones en Lucha) que tiene asiento en el distrito sanrafaelino de Villa Atuel, trat\u00f3 de entrar por la fuerza a la empresa F\u00e9nix S.A. situada en la Ruta 188 en General Alvear. Ped\u00edan cajas navide\u00f1as o donaciones, pero se retiraron sin conseguirlo.<\/strong><\/span><\/h4>\n<div id=\"attachment_102320\" style=\"width: 300px\" class=\"wp-caption alignleft\"><a style=\"color: #000000;\" href=\"http:\/\/vinasfm.com\/noticias\/wp-content\/uploads\/2021\/12\/c6434ffa-697c-4a3e-882c-c512cd18f5da.jpg\"><img loading=\"lazy\" decoding=\"async\" aria-describedby=\"caption-attachment-102320\" class=\"size-medium wp-image-102320\" src=\"http:\/\/vinasfm.com\/noticias\/wp-content\/uploads\/2021\/12\/c6434ffa-697c-4a3e-882c-c512cd18f5da-300x225.jpg\" alt=\"\" width=\"300\" height=\"225\" srcset=\"https:\/\/vinasfm.com\/noticias\/wp-content\/uploads\/2021\/12\/c6434ffa-697c-4a3e-882c-c512cd18f5da-300x225.jpg 300w, https:\/\/vinasfm.com\/noticias\/wp-content\/uploads\/2021\/12\/c6434ffa-697c-4a3e-882c-c512cd18f5da-1024x768.jpg 1024w, https:\/\/vinasfm.com\/noticias\/wp-content\/uploads\/2021\/12\/c6434ffa-697c-4a3e-882c-c512cd18f5da-768x576.jpg 768w, https:\/\/vinasfm.com\/noticias\/wp-content\/uploads\/2021\/12\/c6434ffa-697c-4a3e-882c-c512cd18f5da-1536x1152.jpg 1536w, https:\/\/vinasfm.com\/noticias\/wp-content\/uploads\/2021\/12\/c6434ffa-697c-4a3e-882c-c512cd18f5da.jpg 1600w\" sizes=\"auto, (max-width: 300px) 100vw, 300px\" \/><\/a><p id=\"caption-attachment-102320\" class=\"wp-caption-text\"><span style=\"color: #000000;\">Integrantes del FOL en el predio de F\u00e9nix S.A.<\/span><\/p><\/div>\n<p><span style=\"color: #000000;\">Eran cerca de<b> 50 personas entre mujeres, hombres y ni\u00f1os que llegaron\u00a0vestidos de rojo,\u00a0colgaron\u00a0banderas identificatorias\u00a0y\u00a0exigieron entrar a la pulpera\u00a0F\u00e9nix <\/b>alrededor de las 10:30hs luego de una convocatoria que realizaron a trav\u00e9s de las redes sociales.<\/span><\/p>\n<p><span style=\"color: #000000;\"><strong>Silvia Mu\u00f1oz<\/strong>, l\u00edder de la organizaci\u00f3n en Mendoza dialog\u00f3 en vivo con <strong>F.M. VI\u00d1AS <\/strong>negando que pertenecieran o respondieran a un sector pol\u00edtico asegurando: &#8216;<strong><em>Somos una organizaci\u00f3n social que lucha en beneficio de los integrantes del FOL ante la mala situaci\u00f3n econ\u00f3mica del pa\u00eds por eso decidimos pedir una caja navide\u00f1a o donaciones a los empresarios, quienes junto con el Estado deben cumplir con su rol social para el sustento de los m\u00e1s vulnerables. No se trata de que los empresarios se lleven todo el dinero sino que lo distribuyan a los m\u00e1s necesitados<\/em><\/strong>&#8216;.<\/span><\/p>\n<p><span style=\"color: #000000;\">M\u00e1s all\u00e1 del piquete en el ingreso de la pulpera, desde el FOL <strong>mandaron notas a otras firmas del departamento como Bodegas Vi\u00f1as de Alvear con las mismas exigencias<\/strong>.<\/span><\/p>\n<p><span style=\"color: #000000;\"><b>Desde la\u00a0bodega de Jorge Rubio Roca confirmaron que el lunes se presentaron tres integrantes<\/b> de la agrupaci\u00f3n piquetera,\u00a0ingresaron sin autorizaci\u00f3n al establecimiento\u00a0y finalmente fueron atendidos por representantes de la empresa.\u00a0El pedido con el que llegaron al a bodega fue similar al de F\u00e9nix,\u00a0<b>pretend\u00edan que les\u00a0donaran cajas navide\u00f1as<\/b>.\u00a0Sin embargo en este caso,\u00a0<b>si la petici\u00f3n no era posible, <em>se conformaban con algo de vino<\/em><\/b>.<\/span><\/p>\n<p><span style=\"color: #000000;\"><a style=\"color: #000000;\" href=\"http:\/\/vinasfm.com\/noticias\/wp-content\/uploads\/2021\/12\/6c070e7c-ac45-42e0-a78b-0ca3bb4849b4-e1638482749842.jpg\"><img loading=\"lazy\" decoding=\"async\" class=\" wp-image-102322 aligncenter\" src=\"http:\/\/vinasfm.com\/noticias\/wp-content\/uploads\/2021\/12\/6c070e7c-ac45-42e0-a78b-0ca3bb4849b4-e1638482749842-300x290.jpg\" alt=\"\" width=\"505\" height=\"488\" srcset=\"https:\/\/vinasfm.com\/noticias\/wp-content\/uploads\/2021\/12\/6c070e7c-ac45-42e0-a78b-0ca3bb4849b4-e1638482749842-300x290.jpg 300w, https:\/\/vinasfm.com\/noticias\/wp-content\/uploads\/2021\/12\/6c070e7c-ac45-42e0-a78b-0ca3bb4849b4-e1638482749842.jpg 720w\" sizes=\"auto, (max-width: 505px) 100vw, 505px\" \/><\/a><\/span><\/p>\n<p><span style=\"color: #000000;\">Consultada si los mismos reclamos los han realizado a empresas de San Rafael o al intendente Emir F\u00e9lix indic\u00f3: &#8216;<strong><em>Nos hemos cansado de ir y pedir audiencia en el Municipio de San Rafael pero no nos recibe y en Villa Atuel cuando pedimos en la Delegaci\u00f3n nos env\u00edan a la polic\u00eda por lo que no nos queda otra que venir a Alvear<\/em><\/strong>&#8216;, y en la misma l\u00ednea reconoci\u00f3 que vinieron a nuestro departamento porque <strong>les resulta m\u00e1s barato el valor del pasaje en comparaci\u00f3n con el que deben abonar hacia la ciudad cabecera del vecina comuna<\/strong>.<\/span><\/p>\n<p><span style=\"color: #000000;\">&#8216;<strong><em>No entramos por la fuerza, solo queremos ser escuchados por los empresarios para que nos ayuden<\/em><\/strong>&#8216;, subray\u00f3. &#8216;<strong><em>Vinimos todos porque somos un grupo, no tenemos una persona que nos represente, todos somos FOL y representamos la misma lucha<\/em><\/strong>&#8216;, respondi\u00f3 sobre la conformaci\u00f3n de la organizaci\u00f3n de la que sostuvo que en Villa Atuel cuenta con algunas hect\u00e1reas productivas pero adem\u00e1s se dedican a otros oficios y actividades agr\u00edcolas.<\/span><\/p>\n<blockquote>\n<h3 style=\"text-align: center;\"><span style=\"color: #000000;\"><strong><em>&#8216;No somos un par de vagos, solo queremos ayudas&#8217;<\/em><\/strong><\/span><\/h3>\n<\/blockquote>\n<p><span style=\"color: #000000;\">&#8216;<strong><em>No estamos viviendo, estamos sobreviviendo porque los $18 mil que cobramos como plan social no nos alcanza porque no llega al valor de la canasta b\u00e1sica<\/em><\/strong>&#8216;, argument\u00f3.<\/span><\/p>\n<p><span style=\"color: #000000;\">Finalmente manifest\u00f3: &#8216;<strong><em>No vinimos en forma de aprieta sino a comunicarle qu\u00e9 hacemos y qui\u00e9nes somos en son de paz pero no fuimos recibidos. Solo ven\u00edamos por una colaboraci\u00f3n<\/em><\/strong>&#8216;.<\/span><\/p>\n<h4><span style=\"color: #000000;\"><strong>\u00bfQu\u00e9 es el FOL?<\/strong><\/span><\/h4>\n<p><span style=\"color: #000000;\">En el sitio web del FOL, se definen como\u00a0\u00ab<strong><em>una organizaci\u00f3n social con m\u00e1s de\u00a013 a\u00f1os de trayectoria, luchando y organizando sin descanso a las y los trabajadores precarizadxs, el sector m\u00e1s pobre y m\u00e1s postergado de la clase trabajadora argentina<\/em><\/strong>\u00ab.<\/span><\/p>\n<p><span style=\"color: #000000;\">\u00ab<strong><em>Actualmente nuestra organizaci\u00f3n se desarrolla, en todo el conurbano bonaerense y la capital federal, as\u00ed como a nivel nacional en las provincias de Jujuy, C\u00f3rdoba, Misiones, Santa Fe, Tucum\u00e1n, Santiago del estero, Neuqu\u00e9n, Rio Negro,\u00a0Mendoza, Chaco y Salta<\/em><\/strong>\u00ab, agregan.<\/span><\/p>\n<p><span style=\"color: #000000;\">Entre los objetivos que mencionan, hay coincidencia con el sector de Juan Grabois en la b\u00fasqueda de \u00abtierra y trabajo\u00bb. Y agregan:\u00a0<b>\u00ab<em>Luchamos contra el extractivismo y la mega miner\u00eda y por el reconocimiento de todos los derechos de los pueblos originarios<\/em>\u00ab.<\/b><\/span><\/p>\n","protected":false},"excerpt":{"rendered":"<p>Durante la ma\u00f1ana de este jueves, el grupo piquetero FOL (Frente de Organizaciones en Lucha) que tiene asiento en el distrito &#8230;<\/p>\n","protected":false},"author":8,"featured_media":102321,"comment_status":"open","ping_status":"open","sticky":false,"template":"","format":"standard","meta":{"footnotes":""},"categories":[5,10],"tags":[],"class_list":["post-102318","post","type-post","status-publish","format-standard","has-post-thumbnail","hentry","category-actualidad","category-destacadas"],"_links":{"self":[{"href":"https:\/\/vinasfm.com\/noticias\/wp-json\/wp\/v2\/posts\/102318","targetHints":{"allow":["GET"]}}],"collection":[{"href":"https:\/\/vinasfm.com\/noticias\/wp-json\/wp\/v2\/posts"}],"about":[{"href":"https:\/\/vinasfm.com\/noticias\/wp-json\/wp\/v2\/types\/post"}],"author":[{"embeddable":true,"href":"https:\/\/vinasfm.com\/noticias\/wp-json\/wp\/v2\/users\/8"}],"replies":[{"embeddable":true,"href":"https:\/\/vinasfm.com\/noticias\/wp-json\/wp\/v2\/comments?post=102318"}],"version-history":[{"count":8,"href":"https:\/\/vinasfm.com\/noticias\/wp-json\/wp\/v2\/posts\/102318\/revisions"}],"predecessor-version":[{"id":102328,"href":"https:\/\/vinasfm.com\/noticias\/wp-json\/wp\/v2\/posts\/102318\/revisions\/102328"}],"wp:featuredmedia":[{"embeddable":true,"href":"https:\/\/vinasfm.com\/noticias\/wp-json\/wp\/v2\/media\/102321"}],"wp:attachment":[{"href":"https:\/\/vinasfm.com\/noticias\/wp-json\/wp\/v2\/media?parent=102318"}],"wp:term":[{"taxonomy":"category","embeddable":true,"href":"https:\/\/vinasfm.com\/noticias\/wp-json\/wp\/v2\/categories?post=102318"},{"taxonomy":"post_tag","embeddable":true,"href":"https:\/\/vinasfm.com\/noticias\/wp-json\/wp\/v2\/tags?post=102318"}],"curies":[{"name":"wp","href":"https:\/\/api.w.org\/{rel}","templated":true}]}}