{"id":102316,"date":"2021-12-02T23:59:24","date_gmt":"2021-12-03T02:59:24","guid":{"rendered":"http:\/\/vinasfm.com\/noticias\/?p=102316"},"modified":"2021-12-03T10:55:26","modified_gmt":"2021-12-03T13:55:26","slug":"alvear-vivio-una-noche-inolvidable-con-la-presentacion-del-danish-performance-team","status":"publish","type":"post","link":"https:\/\/vinasfm.com\/noticias\/alvear-vivio-una-noche-inolvidable-con-la-presentacion-del-danish-performance-team\/","title":{"rendered":"ALVEAR VIVI\u00d3 UNA NOCHE INOLVIDABLE CON LA PRESENTACI\u00d3N DEL DANISH PERFORMANCE TEAM"},"content":{"rendered":"<h4><span style=\"color: #000000;\"><strong>Durante los \u00faltimos d\u00edas el Danish Performance Team deslumbr\u00f3 a los alvearenses con una serie de exhibiciones que demostraron la calidad de estos gimnastas daneses. Su recorrido por General Alvear culmin\u00f3 en el polideportivo con una noche inolvidable.<\/strong><\/span><\/h4>\n<div id=\"attachment_102334\" style=\"width: 300px\" class=\"wp-caption alignleft\"><a style=\"color: #000000;\" href=\"http:\/\/vinasfm.com\/noticias\/wp-content\/uploads\/2021\/12\/Presentacion-National-Danish-Performance-Team-20-scaled.jpg\"><img loading=\"lazy\" decoding=\"async\" aria-describedby=\"caption-attachment-102334\" class=\"wp-image-102334 size-medium\" src=\"http:\/\/vinasfm.com\/noticias\/wp-content\/uploads\/2021\/12\/Presentacion-National-Danish-Performance-Team-20-300x200.jpg\" alt=\"\" width=\"300\" height=\"200\" srcset=\"https:\/\/vinasfm.com\/noticias\/wp-content\/uploads\/2021\/12\/Presentacion-National-Danish-Performance-Team-20-300x200.jpg 300w, https:\/\/vinasfm.com\/noticias\/wp-content\/uploads\/2021\/12\/Presentacion-National-Danish-Performance-Team-20-1024x683.jpg 1024w, https:\/\/vinasfm.com\/noticias\/wp-content\/uploads\/2021\/12\/Presentacion-National-Danish-Performance-Team-20-768x512.jpg 768w, https:\/\/vinasfm.com\/noticias\/wp-content\/uploads\/2021\/12\/Presentacion-National-Danish-Performance-Team-20-1536x1024.jpg 1536w, https:\/\/vinasfm.com\/noticias\/wp-content\/uploads\/2021\/12\/Presentacion-National-Danish-Performance-Team-20-2048x1365.jpg 2048w\" sizes=\"auto, (max-width: 300px) 100vw, 300px\" \/><\/a><p id=\"caption-attachment-102334\" class=\"wp-caption-text\">Exitosa presentaci\u00f3n de la delegaci\u00f3n danesa.<\/p><\/div>\n<p><span style=\"color: #000000;\">La visita del<strong> National Danish Performance Team<\/strong> cont\u00f3 con una apretada agenda de actividades, que comenz\u00f3 en la<strong> Kerm\u00e9s Saludable<\/strong> que se llev\u00f3 adelante en el marco del <strong>D\u00eda de Ciudades Educadoras,<\/strong> all\u00ed se realizaron talleres de gimnasia y juegos, donde los integrantes de la selecci\u00f3n interactuaron con los ni\u00f1os, adem\u00e1s de ofrecer una peque\u00f1a exhibici\u00f3n. Tambi\u00e9n <strong>estuvieron presentes en el cierre de las escuelas deportivas municipales, realizaron una pr\u00e1ctica formal junto a deportistas del departamento, tuvieron actividad en barrios del departamento<\/strong> y el <strong>broche de oro estuvo puesto en la noche del mi\u00e9rcoles<\/strong>.<\/span><\/p>\n<p><span style=\"color: #000000;\">El intendente Walther Marcolini remarc\u00f3 que esto es un logro de toda la comunidad, donde se logra tener por segunda vez en el departamento a la National Danish Performance Team, que es hablar del m\u00e1ximo nivel de esta disciplina a nivel global: \u201c<strong><em>Nos llena de satisfacci\u00f3n que Dinamarca haya elegido nuevamente haber venido a General Alvear en este inicio de la gira<\/em><\/strong>\u00ab.<\/span><\/p>\n<p><span style=\"color: #000000;\"><strong>Jer\u00f3nimo Colla<\/strong>, Director de Deportes de nuestro departamento, se mostr\u00f3 exultante con este evento: \u201c<strong><em>Este equipo solo recorre cinco ciudades de la Argentina, y nos vuelve a elegir como el primer lugar a visitar, lo que habla a las claras de lo que genera en ellos General Alvear. Este es el deporte m\u00e1s popular en Dinamarca y ellos pudieron brindar una cl\u00ednica en el departamento, adem\u00e1s participaron en los festejos de Ciudades Educadoras, y en el cierre de las escuelas deportivas, con chicos que llegaron desde los distritos para ser parte<\/em><\/strong>\u201d.<\/span><\/p>\n<p><span style=\"color: #000000;\"><a style=\"color: #000000;\" href=\"http:\/\/vinasfm.com\/noticias\/wp-content\/uploads\/2021\/12\/Presentacion-National-Danish-Performance-Team-1-scaled.jpg\"><img loading=\"lazy\" decoding=\"async\" class=\" wp-image-102333 aligncenter\" src=\"http:\/\/vinasfm.com\/noticias\/wp-content\/uploads\/2021\/12\/Presentacion-National-Danish-Performance-Team-1-300x200.jpg\" alt=\"\" width=\"519\" height=\"346\" srcset=\"https:\/\/vinasfm.com\/noticias\/wp-content\/uploads\/2021\/12\/Presentacion-National-Danish-Performance-Team-1-300x200.jpg 300w, https:\/\/vinasfm.com\/noticias\/wp-content\/uploads\/2021\/12\/Presentacion-National-Danish-Performance-Team-1-1024x683.jpg 1024w, https:\/\/vinasfm.com\/noticias\/wp-content\/uploads\/2021\/12\/Presentacion-National-Danish-Performance-Team-1-768x512.jpg 768w, https:\/\/vinasfm.com\/noticias\/wp-content\/uploads\/2021\/12\/Presentacion-National-Danish-Performance-Team-1-1536x1024.jpg 1536w, https:\/\/vinasfm.com\/noticias\/wp-content\/uploads\/2021\/12\/Presentacion-National-Danish-Performance-Team-1-2048x1365.jpg 2048w\" sizes=\"auto, (max-width: 519px) 100vw, 519px\" \/><\/a><\/span><\/p>\n<p><span style=\"color: #000000;\">Sin dudas, la calidez de los alvearenses fue fundamental para que este seleccionado dan\u00e9s elija a General Alvear nuevamente para ser el punto de partida de su gira por nuestro pa\u00eds, as\u00ed lo manifestaron los gimnastas que integran el equipo: \u201c<strong><em>El p\u00fablico argentino es fant\u00e1stico, se siente el calor y el apoyo de la gente. Nuestro lema es hacer que el mundo se mueva y ver lo que sucede ac\u00e1 nos pone muy bien porque estamos cumpliendo con nuestro objetivo<\/em><\/strong>\u201d, sostuvo la <strong>Team Manager Bie Andersen<\/strong>, a trav\u00e9s del Coordinador en Argentina y Traductor Ricardo Albeck.<\/span><\/p>\n<p><span style=\"color: #000000;\">El p\u00fablico presente reconoci\u00f3 el gran espect\u00e1culo brindado por el <strong>National Danish Performance Team<\/strong>: \u201c<strong><em>Es un evento muy importante para General Alvear y habla del buen recuerdo que qued\u00f3 en ellos despu\u00e9s de su primera visita, ten\u00edamos muchas ganas de verlos y me imagino que van a volver porque el p\u00fablico fue muy c\u00e1lido<\/em><\/strong>\u201d, dijeron algunas personas del p\u00fablico.<\/span><\/p>\n","protected":false},"excerpt":{"rendered":"<p>Durante los \u00faltimos d\u00edas el Danish Performance Team deslumbr\u00f3 a los alvearenses con una serie de exhibiciones que demostraron la calidad &#8230;<\/p>\n","protected":false},"author":8,"featured_media":102332,"comment_status":"open","ping_status":"open","sticky":false,"template":"","format":"standard","meta":{"footnotes":""},"categories":[5,3],"tags":[],"class_list":["post-102316","post","type-post","status-publish","format-standard","has-post-thumbnail","hentry","category-actualidad","category-deportes"],"_links":{"self":[{"href":"https:\/\/vinasfm.com\/noticias\/wp-json\/wp\/v2\/posts\/102316","targetHints":{"allow":["GET"]}}],"collection":[{"href":"https:\/\/vinasfm.com\/noticias\/wp-json\/wp\/v2\/posts"}],"about":[{"href":"https:\/\/vinasfm.com\/noticias\/wp-json\/wp\/v2\/types\/post"}],"author":[{"embeddable":true,"href":"https:\/\/vinasfm.com\/noticias\/wp-json\/wp\/v2\/users\/8"}],"replies":[{"embeddable":true,"href":"https:\/\/vinasfm.com\/noticias\/wp-json\/wp\/v2\/comments?post=102316"}],"version-history":[{"count":3,"href":"https:\/\/vinasfm.com\/noticias\/wp-json\/wp\/v2\/posts\/102316\/revisions"}],"predecessor-version":[{"id":102336,"href":"https:\/\/vinasfm.com\/noticias\/wp-json\/wp\/v2\/posts\/102316\/revisions\/102336"}],"wp:featuredmedia":[{"embeddable":true,"href":"https:\/\/vinasfm.com\/noticias\/wp-json\/wp\/v2\/media\/102332"}],"wp:attachment":[{"href":"https:\/\/vinasfm.com\/noticias\/wp-json\/wp\/v2\/media?parent=102316"}],"wp:term":[{"taxonomy":"category","embeddable":true,"href":"https:\/\/vinasfm.com\/noticias\/wp-json\/wp\/v2\/categories?post=102316"},{"taxonomy":"post_tag","embeddable":true,"href":"https:\/\/vinasfm.com\/noticias\/wp-json\/wp\/v2\/tags?post=102316"}],"curies":[{"name":"wp","href":"https:\/\/api.w.org\/{rel}","templated":true}]}}