{"id":102297,"date":"2021-12-02T23:59:59","date_gmt":"2021-12-03T02:59:59","guid":{"rendered":"http:\/\/vinasfm.com\/noticias\/?p=102297"},"modified":"2021-12-03T10:58:14","modified_gmt":"2021-12-03T13:58:14","slug":"continua-la-construccion-de-un-nuevo-puente-en-cenenario-y-calle-13","status":"publish","type":"post","link":"https:\/\/vinasfm.com\/noticias\/continua-la-construccion-de-un-nuevo-puente-en-cenenario-y-calle-13\/","title":{"rendered":"AVANZA LA CONSTRUCCI\u00d3N DEL NUEVO PUENTE SOBRE EL CRUCE DE CALLES CENTENARIO Y 13"},"content":{"rendered":"<h4><strong><span style=\"color: #000000;\">V\u00edctor \u00c1lvarez, Consejero en zona sur de Vialidad Provincial, coment\u00f3 los avances en la construcci\u00f3n del nuevo puente en la intersecci\u00f3n de Centenario y Calle 13, despu\u00e9s de haber solucionado los problemas con el aumento de la napa fre\u00e1tica en el lugar.<\/span><\/strong><\/h4>\n<p><span style=\"color: #000000;\">En di\u00e1logo con <strong>FM Vi\u00f1as, V\u00edctor \u00c1lvarez<\/strong> manifest\u00f3: <em><strong>\u00abComo ya lo hab\u00edamos anticipado, esta es una obra de concreto en la que cambiamos de lo que era un puente de chapa que ten\u00eda una durabilidad muy corta\u00bb<\/strong><\/em>. En cuanto al suelo, detall\u00f3: <em><strong>\u00abCuando comenz\u00f3 la obra tuvimos inconvenientes por el ingreso de mucha agua, aumentando mucho la napa fre\u00e1tica, que nos complic\u00f3 el trabajo\u00bb.<\/strong><\/em><\/span><\/p>\n<p><span style=\"color: #000000;\">Para poder solucionarlo, \u00c1lvarez coment\u00f3: <strong><em>\u00abHay 18 bombas que han estado trabajando constantemente deprimiendo las napas fre\u00e1ticas, la cual ha permitido llegar hasta la base y empezar a rellenarlos de piedras. Se est\u00e1n marcando los cimientos, y la pr\u00f3ximas semana ya empezamos con la parte del encofrado\u00bb.<\/em><\/strong><\/span><\/p>\n<p><span style=\"color: #000000;\">De esta manera, y con un trabajo que demandar\u00e1 aproximadamente unos 60 d\u00edas m\u00e1s, el Consejero Zona Sur de Vialidad Provincial, agreg\u00f3: <em><strong>\u00abLa parte m\u00e1s complicada fue superada, que era la depresi\u00f3n de la napa, aunque tuvimos algunos inconvenientes en los \u00faltimos d\u00edas\u00bb<\/strong><\/em>.<\/span><\/p>\n<h5><span style=\"color: #000000;\">\u2022L.A.\u00a0<\/span><\/h5>\n","protected":false},"excerpt":{"rendered":"<p>V\u00edctor \u00c1lvarez, Consejero en zona sur de Vialidad Provincial, coment\u00f3 los avances en la construcci\u00f3n del nuevo puente en la intersecci\u00f3n &#8230;<\/p>\n","protected":false},"author":7,"featured_media":102304,"comment_status":"open","ping_status":"open","sticky":false,"template":"","format":"standard","meta":{"footnotes":""},"categories":[5,29],"tags":[],"class_list":["post-102297","post","type-post","status-publish","format-standard","has-post-thumbnail","hentry","category-actualidad","category-obras-y-servicios"],"_links":{"self":[{"href":"https:\/\/vinasfm.com\/noticias\/wp-json\/wp\/v2\/posts\/102297","targetHints":{"allow":["GET"]}}],"collection":[{"href":"https:\/\/vinasfm.com\/noticias\/wp-json\/wp\/v2\/posts"}],"about":[{"href":"https:\/\/vinasfm.com\/noticias\/wp-json\/wp\/v2\/types\/post"}],"author":[{"embeddable":true,"href":"https:\/\/vinasfm.com\/noticias\/wp-json\/wp\/v2\/users\/7"}],"replies":[{"embeddable":true,"href":"https:\/\/vinasfm.com\/noticias\/wp-json\/wp\/v2\/comments?post=102297"}],"version-history":[{"count":4,"href":"https:\/\/vinasfm.com\/noticias\/wp-json\/wp\/v2\/posts\/102297\/revisions"}],"predecessor-version":[{"id":102315,"href":"https:\/\/vinasfm.com\/noticias\/wp-json\/wp\/v2\/posts\/102297\/revisions\/102315"}],"wp:featuredmedia":[{"embeddable":true,"href":"https:\/\/vinasfm.com\/noticias\/wp-json\/wp\/v2\/media\/102304"}],"wp:attachment":[{"href":"https:\/\/vinasfm.com\/noticias\/wp-json\/wp\/v2\/media?parent=102297"}],"wp:term":[{"taxonomy":"category","embeddable":true,"href":"https:\/\/vinasfm.com\/noticias\/wp-json\/wp\/v2\/categories?post=102297"},{"taxonomy":"post_tag","embeddable":true,"href":"https:\/\/vinasfm.com\/noticias\/wp-json\/wp\/v2\/tags?post=102297"}],"curies":[{"name":"wp","href":"https:\/\/api.w.org\/{rel}","templated":true}]}}