{"id":102268,"date":"2021-12-02T08:48:27","date_gmt":"2021-12-02T11:48:27","guid":{"rendered":"http:\/\/vinasfm.com\/noticias\/?p=102268"},"modified":"2021-12-03T10:54:46","modified_gmt":"2021-12-03T13:54:46","slug":"lelia-di-paolo-y-su-proyecto-de-vid-en-malargue","status":"publish","type":"post","link":"https:\/\/vinasfm.com\/noticias\/lelia-di-paolo-y-su-proyecto-de-vid-en-malargue\/","title":{"rendered":"LELIA DI PAOLO Y SU PROYECTO DE VID EN MALARG\u00dcE"},"content":{"rendered":"<h4><strong><span style=\"color: #000000;\">En un peque\u00f1o predio, ubicado en calle Milagros de Los Andes, enfrente del vivero Municipal, Leila junto a su familia decidieron colocar unas cepas de vid. Iniciando como hobby, hoy es un emprendimiento que va en miras de crecer r\u00e1pidamente.<\/span><\/strong><\/h4>\n<p><span style=\"color: #000000;\">\u201c<strong><em>Le pedimos a un amigo, que se ofreci\u00f3 generosamente, qu\u00e9 nos traiga unas cepas para plantar, \u00c9l nos trajo 354 cepas. Cuando llegaron fue una sorpresa y a la vez un cuestionamiento grande porque dijimos ahora tenemos que ponernos aprender de esto y dedicarnos porque es una planta, un ser vivo y hay que cuidarlo<\/em><\/strong>\u201d explicaba Leila, quien adem\u00e1s es T\u00e9cnica Agraria.<\/span><\/p>\n<p><span style=\"color: #000000;\">Durante este tiempo, la familia Di Paolo fue incursionando en la poda moderna, el riego y la tem\u00e1tica con respecto al mundo de vino. Los primeros a\u00f1os, las vi\u00f1as les daba varios racimos, que repart\u00edan entre los amigos, teniendo en conocimiento que las cepas eran de Bonarda.<\/span><\/p>\n<p><span style=\"color: #000000;\">Actualmente, luego del control de inspectores del Instituto Nacional de Vitivinicultura (INV), como as\u00ed tambi\u00e9n de algunos Ingenieros Agr\u00f3nomos, que han ido instruyendo y guiando a la familia Di Paolo para un \u00f3ptimo desarrollo de sus frutos, \u00a0descubrieron que tambi\u00e9n hab\u00edan cepas de Malbec.<\/span><\/p>\n<p><span style=\"color: #000000;\">\u201c<strong><em>La evaluaci\u00f3n dio 50% de Malbec, 50% de Bonarda, as\u00ed que ha salido un blend, un vino rico. No son muchas botellas, es apenas para probarlo, pero seguiremos trabajando en esto<\/em><\/strong>\u201d indic\u00f3 Leila, quien adem\u00e1s invita a visitar el emprendimiento que han hecho con mucho amor.<\/span><\/p>\n<h5><span style=\"color: #000000;\">Fuente: FM E\u00f3lica.<\/span><\/h5>\n","protected":false},"excerpt":{"rendered":"<p>En un peque\u00f1o predio, ubicado en calle Milagros de Los Andes, enfrente del vivero Municipal, Leila junto a su familia decidieron &#8230;<\/p>\n","protected":false},"author":8,"featured_media":102270,"comment_status":"open","ping_status":"open","sticky":false,"template":"","format":"standard","meta":{"footnotes":""},"categories":[5,14],"tags":[],"class_list":["post-102268","post","type-post","status-publish","format-standard","has-post-thumbnail","hentry","category-actualidad","category-agro"],"_links":{"self":[{"href":"https:\/\/vinasfm.com\/noticias\/wp-json\/wp\/v2\/posts\/102268","targetHints":{"allow":["GET"]}}],"collection":[{"href":"https:\/\/vinasfm.com\/noticias\/wp-json\/wp\/v2\/posts"}],"about":[{"href":"https:\/\/vinasfm.com\/noticias\/wp-json\/wp\/v2\/types\/post"}],"author":[{"embeddable":true,"href":"https:\/\/vinasfm.com\/noticias\/wp-json\/wp\/v2\/users\/8"}],"replies":[{"embeddable":true,"href":"https:\/\/vinasfm.com\/noticias\/wp-json\/wp\/v2\/comments?post=102268"}],"version-history":[{"count":2,"href":"https:\/\/vinasfm.com\/noticias\/wp-json\/wp\/v2\/posts\/102268\/revisions"}],"predecessor-version":[{"id":102272,"href":"https:\/\/vinasfm.com\/noticias\/wp-json\/wp\/v2\/posts\/102268\/revisions\/102272"}],"wp:featuredmedia":[{"embeddable":true,"href":"https:\/\/vinasfm.com\/noticias\/wp-json\/wp\/v2\/media\/102270"}],"wp:attachment":[{"href":"https:\/\/vinasfm.com\/noticias\/wp-json\/wp\/v2\/media?parent=102268"}],"wp:term":[{"taxonomy":"category","embeddable":true,"href":"https:\/\/vinasfm.com\/noticias\/wp-json\/wp\/v2\/categories?post=102268"},{"taxonomy":"post_tag","embeddable":true,"href":"https:\/\/vinasfm.com\/noticias\/wp-json\/wp\/v2\/tags?post=102268"}],"curies":[{"name":"wp","href":"https:\/\/api.w.org\/{rel}","templated":true}]}}