{"id":101917,"date":"2021-11-26T00:55:14","date_gmt":"2021-11-26T03:55:14","guid":{"rendered":"http:\/\/vinasfm.com\/noticias\/?p=101917"},"modified":"2021-11-29T10:20:51","modified_gmt":"2021-11-29T13:20:51","slug":"el-mercado-municipal-albergara-la-celebracion-por-el-dia-nacional-del-vino","status":"publish","type":"post","link":"https:\/\/vinasfm.com\/noticias\/el-mercado-municipal-albergara-la-celebracion-por-el-dia-nacional-del-vino\/","title":{"rendered":"EL MERCADO MUNICIPAL ALBERGAR\u00c1 LA CELEBRACI\u00d3N POR EL D\u00cdA NACIONAL DEL VINO"},"content":{"rendered":"<h4><span style=\"color: #000000;\"><strong>La Directora de Turismo, Fabiana Gonz\u00e1lez, y Mauricio Mart\u00ednez, Encargado del Centro Vit\u00edcola de General Alvear, dieron detalles sobre el evento vitivin\u00edcola que se realizar\u00e1 el pr\u00f3ximo domingo en el Mercado Municipal.<\/strong><\/span><\/h4>\n<p><span style=\"color: #000000;\">El <strong>domingo 28 de noviembre<\/strong> a partir de las <strong>19h<\/strong> se realizar\u00e1 un evento en el Mercado Municipal para rendirle honor a esta bebida: &#8216;<strong><em>Un a\u00f1o m\u00e1s se ha dispuesto en conjunto con el Centro de En\u00f3logos, COVIAR y los bodegueros, que son los actores m\u00e1s importantes en este d\u00eda, poder compartirlo con todo Alvear, con la gente que nos visita y sobre todo que prueben lo mejor de este producto<\/em><\/strong>&#8216;, indic\u00f3 Fabiana Gonz\u00e1lez.<\/span><\/p>\n<div id=\"attachment_101919\" style=\"width: 300px\" class=\"wp-caption alignleft\"><a style=\"color: #000000;\" href=\"http:\/\/vinasfm.com\/noticias\/wp-content\/uploads\/2021\/11\/IMG_3896-scaled.jpg\"><img loading=\"lazy\" decoding=\"async\" aria-describedby=\"caption-attachment-101919\" class=\"wp-image-101919 size-medium\" src=\"http:\/\/vinasfm.com\/noticias\/wp-content\/uploads\/2021\/11\/IMG_3896-300x200.jpg\" alt=\"\" width=\"300\" height=\"200\" srcset=\"https:\/\/vinasfm.com\/noticias\/wp-content\/uploads\/2021\/11\/IMG_3896-300x200.jpg 300w, https:\/\/vinasfm.com\/noticias\/wp-content\/uploads\/2021\/11\/IMG_3896-1024x683.jpg 1024w, https:\/\/vinasfm.com\/noticias\/wp-content\/uploads\/2021\/11\/IMG_3896-768x512.jpg 768w, https:\/\/vinasfm.com\/noticias\/wp-content\/uploads\/2021\/11\/IMG_3896-1536x1024.jpg 1536w, https:\/\/vinasfm.com\/noticias\/wp-content\/uploads\/2021\/11\/IMG_3896-2048x1365.jpg 2048w\" sizes=\"auto, (max-width: 300px) 100vw, 300px\" \/><\/a><p id=\"caption-attachment-101919\" class=\"wp-caption-text\"><span style=\"color: #000000;\">Evento Vitivin\u00edcola. <\/span><\/p><\/div>\n<p><span style=\"color: #000000;\">Se trata de un evento gratuito que pretende que los vecinos se acerquen a disfrutar la tarde en familia. &#8216;<strong><em>El Mercado Municipal nos ha abierto las puertas para que podamos compartir con las bodegas. Tambi\u00e9n vamos a tener un espect\u00e1culo en la calle San Rafael, en las puertas del mercado municipal, donde tambi\u00e9n habr\u00e1 living y tendremos algunos food trucks que nos van a estar acompa\u00f1ando<\/em><\/strong>&#8216;, continu\u00f3.<\/span><\/p>\n<p><span style=\"color: #000000;\">Durante la jornada, las diferentes bodegas de Valle Sur del Atuel expondr\u00e1n su oferta y los asistentes podr\u00e1n comprar vinos para adelantar sus regalos de fin de a\u00f1o: &#8216;<strong><em>Sabemos que se vienen los festejos y las bodegas van a tener vino para vender a aquellos que se quieran llevar su cajita. Regalemos lo nuestro, regalemos vino, regalemos la magia que es el trabajo de nuestros agricultores<\/em><\/strong>&#8216;, motiv\u00f3 la Directora de Turismo.<\/span><\/p>\n<p><span style=\"color: #000000;\">Por su parte, <strong>Mauricio Mart\u00ednez<\/strong>, se\u00f1al\u00f3 que &#8216;<strong><em>desde hace varios a\u00f1os se viene aprovechando esta semana, en el marco de los festejos del D\u00eda del Vino Argentino como Bebida Nacional. Se han hecho distintos eventos a nivel provincial y desde el Centro de Desarrollo Vit\u00edcola, en conjunto con las instituciones que mencionaba la Directora, la intenci\u00f3n es invitar a todos: al productor primario, vitivin\u00edcola, al elaborador de vino casero, artesanal, al bodeguero y al p\u00fablico en general, a que se arrimen este domingo a la peatonal del vino<\/em><\/strong>&#8216;.<\/span><\/p>\n<p><span style=\"color: #000000;\">Al referirse a la din\u00e1mica que tendr\u00e1 el evento, el Encargado del Centro Vit\u00edcola, detall\u00f3: &#8216;<strong><em>Se van a encontrar con las bodegas de nuestra regi\u00f3n y elaboradores en general. Habr\u00e1 stands, aprovechando el espacio del mercado municipal; un sector de peatonal, unido con otros eventos tambi\u00e9n, con m\u00fasica, con alg\u00fan espacio c\u00f3modo para la familia. La intenci\u00f3n es pasar un lindo momento y aprovechar los excelentes vinos que tenemos en nuestra regi\u00f3n<\/em><\/strong>&#8216;.<\/span><\/p>\n<p><span style=\"color: #000000;\">El <strong>D\u00eda Nacional del Vino<\/strong> tuvo lugar el pasado 24 de noviembre. Sin embargo, por ser la bebida nacional y darle la importancia que merece, las celebraciones se extienden a lo largo de toda la semana. Es en este marco, el evento que dar\u00e1 cita en el Mercado Municipal el domingo 28 de noviembre a las 19h.<\/span><\/p>\n<h5><span style=\"color: #000000;\">\u2022F.B.<\/span><\/h5>\n","protected":false},"excerpt":{"rendered":"<p>La Directora de Turismo, Fabiana Gonz\u00e1lez, y Mauricio Mart\u00ednez, Encargado del Centro Vit\u00edcola de General Alvear, dieron detalles sobre el evento &#8230;<\/p>\n","protected":false},"author":8,"featured_media":101918,"comment_status":"open","ping_status":"open","sticky":false,"template":"","format":"standard","meta":{"footnotes":""},"categories":[5,10],"tags":[],"class_list":["post-101917","post","type-post","status-publish","format-standard","has-post-thumbnail","hentry","category-actualidad","category-destacadas"],"_links":{"self":[{"href":"https:\/\/vinasfm.com\/noticias\/wp-json\/wp\/v2\/posts\/101917","targetHints":{"allow":["GET"]}}],"collection":[{"href":"https:\/\/vinasfm.com\/noticias\/wp-json\/wp\/v2\/posts"}],"about":[{"href":"https:\/\/vinasfm.com\/noticias\/wp-json\/wp\/v2\/types\/post"}],"author":[{"embeddable":true,"href":"https:\/\/vinasfm.com\/noticias\/wp-json\/wp\/v2\/users\/8"}],"replies":[{"embeddable":true,"href":"https:\/\/vinasfm.com\/noticias\/wp-json\/wp\/v2\/comments?post=101917"}],"version-history":[{"count":3,"href":"https:\/\/vinasfm.com\/noticias\/wp-json\/wp\/v2\/posts\/101917\/revisions"}],"predecessor-version":[{"id":102025,"href":"https:\/\/vinasfm.com\/noticias\/wp-json\/wp\/v2\/posts\/101917\/revisions\/102025"}],"wp:featuredmedia":[{"embeddable":true,"href":"https:\/\/vinasfm.com\/noticias\/wp-json\/wp\/v2\/media\/101918"}],"wp:attachment":[{"href":"https:\/\/vinasfm.com\/noticias\/wp-json\/wp\/v2\/media?parent=101917"}],"wp:term":[{"taxonomy":"category","embeddable":true,"href":"https:\/\/vinasfm.com\/noticias\/wp-json\/wp\/v2\/categories?post=101917"},{"taxonomy":"post_tag","embeddable":true,"href":"https:\/\/vinasfm.com\/noticias\/wp-json\/wp\/v2\/tags?post=101917"}],"curies":[{"name":"wp","href":"https:\/\/api.w.org\/{rel}","templated":true}]}}