{"id":101879,"date":"2021-11-26T23:59:36","date_gmt":"2021-11-27T02:59:36","guid":{"rendered":"http:\/\/vinasfm.com\/noticias\/?p=101879"},"modified":"2021-11-29T11:08:22","modified_gmt":"2021-11-29T14:08:22","slug":"identificaron-casos-de-variante-delta-en-san-rafael-y-alvear","status":"publish","type":"post","link":"https:\/\/vinasfm.com\/noticias\/identificaron-casos-de-variante-delta-en-san-rafael-y-alvear\/","title":{"rendered":"IDENTIFICARON CASOS DE VARIANTE DELTA EN SAN RAFAEL Y ALVEAR"},"content":{"rendered":"<h4><span style=\"color: #000000;\"><strong>As\u00ed lo confirm\u00f3 el doctor Abel Freidemberg, director regional zona Sur del Ministerio de Salud, Desarrollo Social y Deportes de la Provincia, quien precis\u00f3 que han aumentado los casos positivos de Covid-19 con respecto a octubre. Remarc\u00f3 la importancia de completar el calendario de vacunaci\u00f3n.<\/strong><\/span><\/h4>\n<p><span style=\"color: #000000;\">&#8216;<strong><em>La variante Delta es la predominante en el pa\u00eds y en el mundo, la movilidad social hace que esta variante se extienda y si bien estamos muy bajos en n\u00fameros de casos, ya en noviembre hemos ascendido, sin pasar del 5 por ciento de positividad. Hay protocolos del Ministerio de Salud de Naci\u00f3n, en conjunto con las provincias se hace la secuencia gen\u00f3mica del virus para ver qu\u00e9 variante predomina, tanto en General Alvear como en San Rafael se ha detectado esta variante<\/em><\/strong>&#8216;, explic\u00f3 a la prensa.<\/span><\/p>\n<p><span style=\"color: #000000;\">&#8216;<strong><em>Estuve reunido con la directora de Epidemiolog\u00eda, Andrea Falaschi, quien viajar\u00e1 a Buenos Aires a una reuni\u00f3n con otros directores para ver qu\u00e9 otras conductas adoptar con personas que viajen al exterior, ya se acepta que hay variante Delta en el pa\u00eds y hay que seguir con las medidas de cuidado, el barbijo, distanciamiento y uso de alcohol en gel<\/em><\/strong>&#8216;, agreg\u00f3.<\/span><\/p>\n<h4><span style=\"color: #000000;\"><strong>La vacuna<\/strong><\/span><\/h4>\n<p><span style=\"color: #000000;\">El funcionario reiter\u00f3 que las personas deben completar los esquemas de vacunaci\u00f3n. &#8216;<strong><em>No sirve una sola dosis, por lo que hay que completar el esquema con al menos dos dosis, despu\u00e9s de los seis meses de la \u00faltima dosis empiezan a bajar los anticuerpos y es por eso que se realiza el refuerzo o tercera dosis, que se est\u00e1 haciendo con personal de salud y mayores de 70 a\u00f1os, eso ha hecho que disminuyan casos graves y ocupaci\u00f3n de camas de terapia<\/em><\/strong>&#8216;, puntualiz\u00f3.<\/span><\/p>\n<p><span style=\"color: #000000;\">Sobre la situaci\u00f3n sanitaria en la zona Sur, Freidemberg expres\u00f3 que &#8216;<strong><em>en las \u00faltimas 48 horas entre Alvear y Malarg\u00fce ten\u00edamos 18 pacientes infectados y 8 ten\u00edan la variante Delta y no al 100% se le hizo la investigaci\u00f3n gen\u00f3mica, esta variante es la m\u00e1s predominante del pa\u00eds, de eso no hay dudas; en la pandemia se van viviendo diferente etapas y ning\u00fan lugar de Argentina est\u00e1 exento de tener esta variante. La ocupaci\u00f3n de camas de terapia en los tres hospitales del Sur es baja y en San Rafael muri\u00f3 una persona luego de varios d\u00edas sin internados<\/em><\/strong>&#8216;.<\/span><\/p>\n<h4><span style=\"color: #000000;\"><strong>Los cuidados<\/strong><\/span><\/h4>\n<p><span style=\"color: #000000;\">Para el delegado del Ministerio de Salud de la Provincia, los cuidados son fundamentales para mantener los casos en baja y poder seguir con la vida como la venimos teniendo. &#8216;<strong><em>Los cuidados tiene que seguir y recordemos que para la segunda dosis, habiendo pasado 21 o 28 d\u00edas de la primera, la gente puede concurrir sin turno en los horarios estipulados por los lugares de vacunaci\u00f3n<\/em><\/strong>&#8216;, indic\u00f3.<\/span><\/p>\n<p><span style=\"color: #000000;\">&#8216;<em><strong>Todas las vacunas han demostrado ser eficaces, la de Sinopharm tiene mayor ca\u00edda de anticuerpos y por eso se prioriza a ese grupo a la hora de vacunar, las terceras o cuartas olas que se dan en Europa se dan en personas no vacunadas&#8217;<\/strong><\/em>, cont\u00f3.<\/span><\/p>\n<h5><span style=\"color: #000000;\">Fuente: Diario San Rafael.<\/span><\/h5>\n","protected":false},"excerpt":{"rendered":"<p>As\u00ed lo confirm\u00f3 el doctor Abel Freidemberg, director regional zona Sur del Ministerio de Salud, Desarrollo Social y Deportes de la &#8230;<\/p>\n","protected":false},"author":8,"featured_media":70682,"comment_status":"open","ping_status":"open","sticky":false,"template":"","format":"standard","meta":{"footnotes":""},"categories":[5,15],"tags":[],"class_list":["post-101879","post","type-post","status-publish","format-standard","has-post-thumbnail","hentry","category-actualidad","category-salud"],"_links":{"self":[{"href":"https:\/\/vinasfm.com\/noticias\/wp-json\/wp\/v2\/posts\/101879","targetHints":{"allow":["GET"]}}],"collection":[{"href":"https:\/\/vinasfm.com\/noticias\/wp-json\/wp\/v2\/posts"}],"about":[{"href":"https:\/\/vinasfm.com\/noticias\/wp-json\/wp\/v2\/types\/post"}],"author":[{"embeddable":true,"href":"https:\/\/vinasfm.com\/noticias\/wp-json\/wp\/v2\/users\/8"}],"replies":[{"embeddable":true,"href":"https:\/\/vinasfm.com\/noticias\/wp-json\/wp\/v2\/comments?post=101879"}],"version-history":[{"count":5,"href":"https:\/\/vinasfm.com\/noticias\/wp-json\/wp\/v2\/posts\/101879\/revisions"}],"predecessor-version":[{"id":101891,"href":"https:\/\/vinasfm.com\/noticias\/wp-json\/wp\/v2\/posts\/101879\/revisions\/101891"}],"wp:featuredmedia":[{"embeddable":true,"href":"https:\/\/vinasfm.com\/noticias\/wp-json\/wp\/v2\/media\/70682"}],"wp:attachment":[{"href":"https:\/\/vinasfm.com\/noticias\/wp-json\/wp\/v2\/media?parent=101879"}],"wp:term":[{"taxonomy":"category","embeddable":true,"href":"https:\/\/vinasfm.com\/noticias\/wp-json\/wp\/v2\/categories?post=101879"},{"taxonomy":"post_tag","embeddable":true,"href":"https:\/\/vinasfm.com\/noticias\/wp-json\/wp\/v2\/tags?post=101879"}],"curies":[{"name":"wp","href":"https:\/\/api.w.org\/{rel}","templated":true}]}}