{"id":101742,"date":"2021-11-25T12:30:00","date_gmt":"2021-11-25T15:30:00","guid":{"rendered":"http:\/\/vinasfm.com\/noticias\/?p=101742"},"modified":"2021-11-26T21:02:09","modified_gmt":"2021-11-27T00:02:09","slug":"se-produjeron-en-simultaneo-tres-siniestros-viales-en-ciudad","status":"publish","type":"post","link":"https:\/\/vinasfm.com\/noticias\/se-produjeron-en-simultaneo-tres-siniestros-viales-en-ciudad\/","title":{"rendered":"SE PRODUJERON EN SIMULT\u00c1NEO TRES SINIESTROS VIALES EN CIUDAD"},"content":{"rendered":"<h4><span style=\"color: #000000;\"><strong>En solo cuatro d\u00edas se registraron 15 accidentes de tr\u00e1nsito en General Alvear, fen\u00f3meno que ha llamado poderosamente la atenci\u00f3n principalmente porque varios de los siniestros se han producido casi en simult\u00e1neo.<\/strong><\/span><\/h4>\n<p><span style=\"color: #000000;\">Este <strong>m\u00edercoles en horas del mediod\u00eda<\/strong> personal de <strong>Polic\u00eda Vial<\/strong> se aboc\u00f3 a tres hechos de accidentolog\u00eda ocurridos en nuestra Ciudad. En di\u00e1logo con <strong>F.M. VI\u00d1AS\u00a0<\/strong>autoridades de la <strong>Comisar\u00eda 14\u00b0<\/strong> rese\u00f1aron la reconstrucci\u00f3n oficial de los tres accidentes, dos de los cuales <strong>sucedieron a solo una cuadra de diferencia<\/strong>.<\/span><\/p>\n<div id=\"attachment_101746\" style=\"width: 300px\" class=\"wp-caption alignleft\"><a style=\"color: #000000;\" href=\"http:\/\/vinasfm.com\/noticias\/wp-content\/uploads\/2021\/11\/d2af5751-ef1f-496c-bbee-fe2ba313db4a.jpg\"><img loading=\"lazy\" decoding=\"async\" aria-describedby=\"caption-attachment-101746\" class=\"size-medium wp-image-101746\" src=\"http:\/\/vinasfm.com\/noticias\/wp-content\/uploads\/2021\/11\/d2af5751-ef1f-496c-bbee-fe2ba313db4a-300x169.jpg\" alt=\"\" width=\"300\" height=\"169\" srcset=\"https:\/\/vinasfm.com\/noticias\/wp-content\/uploads\/2021\/11\/d2af5751-ef1f-496c-bbee-fe2ba313db4a-300x169.jpg 300w, https:\/\/vinasfm.com\/noticias\/wp-content\/uploads\/2021\/11\/d2af5751-ef1f-496c-bbee-fe2ba313db4a-1024x576.jpg 1024w, https:\/\/vinasfm.com\/noticias\/wp-content\/uploads\/2021\/11\/d2af5751-ef1f-496c-bbee-fe2ba313db4a-768x432.jpg 768w, https:\/\/vinasfm.com\/noticias\/wp-content\/uploads\/2021\/11\/d2af5751-ef1f-496c-bbee-fe2ba313db4a-1536x864.jpg 1536w, https:\/\/vinasfm.com\/noticias\/wp-content\/uploads\/2021\/11\/d2af5751-ef1f-496c-bbee-fe2ba313db4a-750x420.jpg 750w, https:\/\/vinasfm.com\/noticias\/wp-content\/uploads\/2021\/11\/d2af5751-ef1f-496c-bbee-fe2ba313db4a-1140x641.jpg 1140w, https:\/\/vinasfm.com\/noticias\/wp-content\/uploads\/2021\/11\/d2af5751-ef1f-496c-bbee-fe2ba313db4a.jpg 1599w\" sizes=\"auto, (max-width: 300px) 100vw, 300px\" \/><\/a><p id=\"caption-attachment-101746\" class=\"wp-caption-text\"><span style=\"color: #000000;\">Incidente vial en Av. Alvear Oeste y San Rafael.<\/span><\/p><\/div>\n<p><span style=\"color: #000000;\">Alrededor de las <strong>12:45hs<\/strong><strong>\u00a0<\/strong>una <strong>moto delivery<\/strong>, al mando de un hombre mayor de edad, <strong>circulaba por calle San Rafael de sur a norte<\/strong> y <strong>al llegar a Avenida Alvear Oeste<\/strong>, por motivos que se tratan de establecer,<strong> perdi\u00f3 el dominio del rodado cayendo a la carpeta asf\u00e1ltica sin intervenci\u00f3n de terceros<\/strong>. Producto del golpe fue asistido en el nosocomio local siendo las <strong><em>lesiones de car\u00e1cter leves.<\/em><\/strong><\/span><\/p>\n<p><span style=\"color: #000000;\">En ese mismo momento, <strong>100 metros hacia el este por la principal avenida c\u00e9ntrica<\/strong> <strong>dos veh\u00edculos<\/strong>, conducidos por hombres mayores de edad, <strong>colisionaron<\/strong>. El <strong>Fiat<\/strong> (color gris)<strong> circulaba en direcci\u00f3n al oeste cuando de repente fren\u00f3 no d\u00e1ndole tiempo a aminorar su marcha al conductor de un Toyota Corolla<\/strong> que transitaba a pocos metros ocasionando que <strong>este \u00faltimo impactara de atr\u00e1s al primero<\/strong>.<\/span><\/p>\n<p><span style=\"color: #000000;\">Solo <strong>cinco minutos pasaron<\/strong> para que el 911 fuera advertido de un tercer choque del que participaron un <strong>Renault 18<\/strong>, conducido por un hombre, y un <strong>Renault Sandero<\/strong>, al mando de una mujer, en la <strong>intersecci\u00f3n de calles Roca y Mitre<\/strong>. El primer autom\u00f3vil <strong>se encontraba estacionado en calle Roca y al emprender la marcha fue impactado<\/strong> por el segundo.<\/span><\/p>\n<h5><span style=\"color: #000000;\">\u2022F.B. (F.M. Vi\u00f1as).<\/span><\/h5>\n","protected":false},"excerpt":{"rendered":"<p>En solo cuatro d\u00edas se registraron 15 accidentes de tr\u00e1nsito en General Alvear, fen\u00f3meno que ha llamado poderosamente la atenci\u00f3n principalmente &#8230;<\/p>\n","protected":false},"author":8,"featured_media":101747,"comment_status":"open","ping_status":"open","sticky":false,"template":"","format":"standard","meta":{"footnotes":""},"categories":[5,4],"tags":[],"class_list":["post-101742","post","type-post","status-publish","format-standard","has-post-thumbnail","hentry","category-actualidad","category-policiales"],"_links":{"self":[{"href":"https:\/\/vinasfm.com\/noticias\/wp-json\/wp\/v2\/posts\/101742","targetHints":{"allow":["GET"]}}],"collection":[{"href":"https:\/\/vinasfm.com\/noticias\/wp-json\/wp\/v2\/posts"}],"about":[{"href":"https:\/\/vinasfm.com\/noticias\/wp-json\/wp\/v2\/types\/post"}],"author":[{"embeddable":true,"href":"https:\/\/vinasfm.com\/noticias\/wp-json\/wp\/v2\/users\/8"}],"replies":[{"embeddable":true,"href":"https:\/\/vinasfm.com\/noticias\/wp-json\/wp\/v2\/comments?post=101742"}],"version-history":[{"count":5,"href":"https:\/\/vinasfm.com\/noticias\/wp-json\/wp\/v2\/posts\/101742\/revisions"}],"predecessor-version":[{"id":101805,"href":"https:\/\/vinasfm.com\/noticias\/wp-json\/wp\/v2\/posts\/101742\/revisions\/101805"}],"wp:featuredmedia":[{"embeddable":true,"href":"https:\/\/vinasfm.com\/noticias\/wp-json\/wp\/v2\/media\/101747"}],"wp:attachment":[{"href":"https:\/\/vinasfm.com\/noticias\/wp-json\/wp\/v2\/media?parent=101742"}],"wp:term":[{"taxonomy":"category","embeddable":true,"href":"https:\/\/vinasfm.com\/noticias\/wp-json\/wp\/v2\/categories?post=101742"},{"taxonomy":"post_tag","embeddable":true,"href":"https:\/\/vinasfm.com\/noticias\/wp-json\/wp\/v2\/tags?post=101742"}],"curies":[{"name":"wp","href":"https:\/\/api.w.org\/{rel}","templated":true}]}}