{"id":101741,"date":"2021-11-25T08:01:44","date_gmt":"2021-11-25T11:01:44","guid":{"rendered":"http:\/\/vinasfm.com\/noticias\/?p=101741"},"modified":"2021-11-25T12:31:11","modified_gmt":"2021-11-25T15:31:11","slug":"en-distintos-accidentes-dos-motociclistas-resultaron-lesionados","status":"publish","type":"post","link":"https:\/\/vinasfm.com\/noticias\/en-distintos-accidentes-dos-motociclistas-resultaron-lesionados\/","title":{"rendered":"EN DISTINTOS ACCIDENTES, DOS MOTOCICLISTAS RESULTARON LESIONADOS"},"content":{"rendered":"<h4><span style=\"color: #000000;\"><strong>Dos motociclistas resultaron lesionados tras participar en distintos accidentes registrados este martes en la noche. El primer siniestro se produjo en Ruta 188, entre calles 7 y 8, mientras que el segundo ocurri\u00f3 45 minutos despu\u00e9s en la intersecci\u00f3n de Diagonal Pellegrini.<\/strong><\/span><\/h4>\n<p><span style=\"color: #000000;\">Consultados por <strong><em>F.M. Vi\u00f1as<\/em><\/strong>, autoridades policiales rese\u00f1aron la mec\u00e1nica de ambos siniestros viales en la que participaron motociclistas, quienes <strong>en ambos casos revistieron lesiones de car\u00e1cter leve<\/strong>.<\/span><\/p>\n<p><span style=\"color: #000000;\">Cerca de las <strong>22:15hs sobre Ruta 188<\/strong>, pasando el destacamento de Gendarmer\u00eda, por razones que aun no se han establecido <strong>una motocicleta 110cc embisti\u00f3 de atr\u00e1s de una bicicleta<\/strong>, ambas movilidades conducidas por hombres mayores de edad se desplazaban en direcci\u00f3n al este.\u00a0<\/span><\/p>\n<p><span style=\"color: #000000;\">Minutos m\u00e1s tarde, aproximadamente a las <strong>22:50hs<\/strong>, <strong>una motociclista a bordo de una 110cc no logr\u00f3 aminorar su marcha e impact\u00f3 de atr\u00e1s a un colectivo de la empresa La Uni\u00f3n<\/strong> que estaba detenido frente a <strong>Plazoleta Italia<\/strong>.\u00a0<\/span><\/p>\n<p><span style=\"color: #000000;\">A ra\u00edz de la colisi\u00f3n, result\u00f3 lesionada la conductora del rodado menor, motivo por el que fue asistida en el lugar por los <strong><em>politraumatismos leves<\/em> <\/strong>que revest\u00eda.<\/span><\/p>\n<p><span style=\"color: #000000;\">Personal de <strong>Polic\u00eda Vial<\/strong> y <strong>Cient\u00edfica<\/strong> trabaj\u00f3 en los escenarios de los hechos bajo instrucci\u00f3n de la Unidad Fiscal de Gral. Alvear.<\/span><\/p>\n<h5><span style=\"color: #000000;\">\u2022F.B.\u00a0<\/span><\/h5>\n","protected":false},"excerpt":{"rendered":"<p>Dos motociclistas resultaron lesionados tras participar en distintos accidentes registrados este martes en la noche. El primer siniestro se produjo en &#8230;<\/p>\n","protected":false},"author":8,"featured_media":101743,"comment_status":"open","ping_status":"open","sticky":false,"template":"","format":"standard","meta":{"footnotes":""},"categories":[5,4],"tags":[],"class_list":["post-101741","post","type-post","status-publish","format-standard","has-post-thumbnail","hentry","category-actualidad","category-policiales"],"_links":{"self":[{"href":"https:\/\/vinasfm.com\/noticias\/wp-json\/wp\/v2\/posts\/101741","targetHints":{"allow":["GET"]}}],"collection":[{"href":"https:\/\/vinasfm.com\/noticias\/wp-json\/wp\/v2\/posts"}],"about":[{"href":"https:\/\/vinasfm.com\/noticias\/wp-json\/wp\/v2\/types\/post"}],"author":[{"embeddable":true,"href":"https:\/\/vinasfm.com\/noticias\/wp-json\/wp\/v2\/users\/8"}],"replies":[{"embeddable":true,"href":"https:\/\/vinasfm.com\/noticias\/wp-json\/wp\/v2\/comments?post=101741"}],"version-history":[{"count":2,"href":"https:\/\/vinasfm.com\/noticias\/wp-json\/wp\/v2\/posts\/101741\/revisions"}],"predecessor-version":[{"id":101745,"href":"https:\/\/vinasfm.com\/noticias\/wp-json\/wp\/v2\/posts\/101741\/revisions\/101745"}],"wp:featuredmedia":[{"embeddable":true,"href":"https:\/\/vinasfm.com\/noticias\/wp-json\/wp\/v2\/media\/101743"}],"wp:attachment":[{"href":"https:\/\/vinasfm.com\/noticias\/wp-json\/wp\/v2\/media?parent=101741"}],"wp:term":[{"taxonomy":"category","embeddable":true,"href":"https:\/\/vinasfm.com\/noticias\/wp-json\/wp\/v2\/categories?post=101741"},{"taxonomy":"post_tag","embeddable":true,"href":"https:\/\/vinasfm.com\/noticias\/wp-json\/wp\/v2\/tags?post=101741"}],"curies":[{"name":"wp","href":"https:\/\/api.w.org\/{rel}","templated":true}]}}