{"id":101598,"date":"2021-11-23T13:00:56","date_gmt":"2021-11-23T16:00:56","guid":{"rendered":"http:\/\/vinasfm.com\/noticias\/?p=101598"},"modified":"2021-11-23T20:40:10","modified_gmt":"2021-11-23T23:40:10","slug":"adolfo-balverde-destaco-el-funcionamiento-de-defensa-civil-en-alvear","status":"publish","type":"post","link":"https:\/\/vinasfm.com\/noticias\/adolfo-balverde-destaco-el-funcionamiento-de-defensa-civil-en-alvear\/","title":{"rendered":"ADOLFO BALVERDE DESTAC\u00d3 EL FUNCIONAMIENTO DE DEFENSA CIVIL EN ALVEAR"},"content":{"rendered":"<h4><span style=\"color: #000000;\"><strong>Hoy, 23 de noviembre se conmemora el D\u00eda Nacional de la Defensa Civil en toda la Rep\u00fablica Argentina. Gran parte de nuestra sociedad no sabe que es la Defensa Civil, su funci\u00f3n y su objetivo, mucho menos porqu\u00e9 se conmemora el D\u00eda Nacional de la Defensa Civil.<\/strong> <\/span><\/h4>\n<p><span style=\"color: #000000;\">Cuando determinados acontecimientos, por su magnitud o imprevisi\u00f3n, desbordan la capacidad b\u00e1sica de autodefensa de una poblaci\u00f3n, <strong>se pone en marcha un cuerpo social preparado especialmente para cada ocasi\u00f3n en particular<\/strong>.<\/span><\/p>\n<div id=\"attachment_81149\" style=\"width: 300px\" class=\"wp-caption alignleft\"><a href=\"http:\/\/vinasfm.com\/noticias\/wp-content\/uploads\/2020\/11\/balverde-780x641-1.jpeg\"><img loading=\"lazy\" decoding=\"async\" aria-describedby=\"caption-attachment-81149\" class=\"size-medium wp-image-81149\" src=\"http:\/\/vinasfm.com\/noticias\/wp-content\/uploads\/2020\/11\/balverde-780x641-1-300x247.jpeg\" alt=\"\" width=\"300\" height=\"247\" srcset=\"https:\/\/vinasfm.com\/noticias\/wp-content\/uploads\/2020\/11\/balverde-780x641-1-300x247.jpeg 300w, https:\/\/vinasfm.com\/noticias\/wp-content\/uploads\/2020\/11\/balverde-780x641-1-768x631.jpeg 768w, https:\/\/vinasfm.com\/noticias\/wp-content\/uploads\/2020\/11\/balverde-780x641-1.jpeg 780w\" sizes=\"auto, (max-width: 300px) 100vw, 300px\" \/><\/a><p id=\"caption-attachment-81149\" class=\"wp-caption-text\">Adolfo Balverde en el estudio de F.M. Vi\u00f1as<\/p><\/div>\n<p><span style=\"color: #000000;\">Este cuerpo es el de Defensa Civil,<strong> un organismo de protecci\u00f3n de la poblaci\u00f3n, creado para ayudar a disminuir los da\u00f1os causados por cat\u00e1strofes naturales, accidentes de gran escala, desastres provocados por el hombre, cat\u00e1strofes naturales, enfrentamientos b\u00e9licos<\/strong>, o cualquier otro tipo de evento adverso. <\/span><\/p>\n<p><span style=\"color: #000000;\"><strong>Defensa Civil es un servicio de la comunidad<\/strong>, creado para asistir a sus habitantes y a cualquiera de sus organizaciones sociales, p\u00fablicas, privadas, estatales, no gubernamentales, o de cualquier \u00edndole. Se rige por los principios de la solidaridad social. <\/span><\/p>\n<p><span style=\"color: #000000;\">Los servicios de la Defensa Civil son funciones especializadas que est\u00e1n comprendidas dentro de todo <strong>esquema de prevenci\u00f3n y defensa de una comunidad<\/strong>. Estos servicios se desarrollan fundamentalmente en ocasi\u00f3n de las emergencias y se aplican en funci\u00f3n de planes y procedimientos operativos ya establecidos de antemano. <\/span><\/p>\n<p><span style=\"color: #000000;\">Hoy, en este d\u00eda, <strong>es v\u00e1lido extender el reconocimiento a todas las personas que trabajan en silencio para aliviar el sufrimiento ajeno<\/strong>, una pr\u00e1ctica tan valorable como necesaria y, m\u00e1s aun, indispensable. <\/span><\/p>\n<h4><span style=\"color: #000000;\"><strong>\u00a0\u00bfPor qu\u00e9 se conmemora el D\u00eda Nacional de la Defensa Civil?<\/strong><\/span><\/h4>\n<p><span style=\"color: #000000;\">Un <strong>23 de noviembre del a\u00f1o 1977<\/strong> ocurr\u00eda una de las mayores cat\u00e1strofes sufridas en nuestro pa\u00eds: <strong>El Terremoto de Caucete en la Provincia de San Juan<\/strong>. <\/span><\/p>\n<p><span style=\"color: #000000;\">Este d\u00eda es un <strong>homenaje a un servicio comunitario de asistencia netamente altruista y solidaria<\/strong>, cuyas acciones y esfuerzos est\u00e1n designadas a preservar tanto vidas y bienes materiales, como el patrimonio nacional, sin distingo de edades, credos o razas y acudir al socorro.<\/span><\/p>\n<h4><span style=\"color: #000000;\"><strong>EL DIRECTOR DE DEFENSA CIVIL ADOLFO BALVERDE EN DI\u00c1LOGO CON F.M. VI\u00d1AS:<\/strong><\/span><\/h4>\n<audio class=\"wp-audio-shortcode\" id=\"audio-101598-1\" autoplay preload=\"auto\" style=\"width: 100%;\" controls=\"controls\"><source type=\"audio\/mpeg\" src=\"http:\/\/vinasfm.com\/noticias\/wp-content\/uploads\/2021\/11\/Adolfo-Valverde-DC.mp3?_=1\" \/><a href=\"http:\/\/vinasfm.com\/noticias\/wp-content\/uploads\/2021\/11\/Adolfo-Valverde-DC.mp3\">http:\/\/vinasfm.com\/noticias\/wp-content\/uploads\/2021\/11\/Adolfo-Valverde-DC.mp3<\/a><\/audio>\n<h5><span style=\"color: #000000;\">F.B.<\/span><\/h5>\n","protected":false},"excerpt":{"rendered":"<p>Hoy, 23 de noviembre se conmemora el D\u00eda Nacional de la Defensa Civil en toda la Rep\u00fablica Argentina. Gran parte de &#8230;<\/p>\n","protected":false},"author":8,"featured_media":101601,"comment_status":"open","ping_status":"open","sticky":false,"template":"","format":"standard","meta":{"footnotes":""},"categories":[5,51],"tags":[],"class_list":["post-101598","post","type-post","status-publish","format-standard","has-post-thumbnail","hentry","category-actualidad","category-defensa-civil"],"_links":{"self":[{"href":"https:\/\/vinasfm.com\/noticias\/wp-json\/wp\/v2\/posts\/101598","targetHints":{"allow":["GET"]}}],"collection":[{"href":"https:\/\/vinasfm.com\/noticias\/wp-json\/wp\/v2\/posts"}],"about":[{"href":"https:\/\/vinasfm.com\/noticias\/wp-json\/wp\/v2\/types\/post"}],"author":[{"embeddable":true,"href":"https:\/\/vinasfm.com\/noticias\/wp-json\/wp\/v2\/users\/8"}],"replies":[{"embeddable":true,"href":"https:\/\/vinasfm.com\/noticias\/wp-json\/wp\/v2\/comments?post=101598"}],"version-history":[{"count":6,"href":"https:\/\/vinasfm.com\/noticias\/wp-json\/wp\/v2\/posts\/101598\/revisions"}],"predecessor-version":[{"id":101613,"href":"https:\/\/vinasfm.com\/noticias\/wp-json\/wp\/v2\/posts\/101598\/revisions\/101613"}],"wp:featuredmedia":[{"embeddable":true,"href":"https:\/\/vinasfm.com\/noticias\/wp-json\/wp\/v2\/media\/101601"}],"wp:attachment":[{"href":"https:\/\/vinasfm.com\/noticias\/wp-json\/wp\/v2\/media?parent=101598"}],"wp:term":[{"taxonomy":"category","embeddable":true,"href":"https:\/\/vinasfm.com\/noticias\/wp-json\/wp\/v2\/categories?post=101598"},{"taxonomy":"post_tag","embeddable":true,"href":"https:\/\/vinasfm.com\/noticias\/wp-json\/wp\/v2\/tags?post=101598"}],"curies":[{"name":"wp","href":"https:\/\/api.w.org\/{rel}","templated":true}]}}