{"id":101589,"date":"2021-11-22T00:01:48","date_gmt":"2021-11-22T03:01:48","guid":{"rendered":"http:\/\/vinasfm.com\/noticias\/?p=101589"},"modified":"2021-11-24T09:22:51","modified_gmt":"2021-11-24T12:22:51","slug":"mendoza-confirmo-otros-9-casos-positivos-y-un-fallecimiento-por-covid-19","status":"publish","type":"post","link":"https:\/\/vinasfm.com\/noticias\/mendoza-confirmo-otros-9-casos-positivos-y-un-fallecimiento-por-covid-19\/","title":{"rendered":"MENDOZA CONFIRM\u00d3 OTROS 9 CASOS POSITIVOS Y UN FALLECIMIENTO POR COVID-19"},"content":{"rendered":"<h4><span style=\"color: #000000;\"><strong>El Ministerio de Salud inform\u00f3 este lunes que se produjeron otros 9 casos y un fallecimiento por coronavirus. Adem\u00e1s, 15 pacientes lograron recuperarse y obtener el alta m\u00e9dica.<\/strong><\/span><\/h4>\n<p><span style=\"color: #000000;\">Asimismo, la Red de Laboratorios del Ministerio de Salud, Desarrollo Social y Deportes de la Provincia inform\u00f3 que entre las \u00faltimas horas de ayer y hoy\u00a0<strong>se\u00a0procesaron 640 determinaciones:<\/strong><\/span><\/p>\n<ul>\n<li><span style=\"color: #000000;\"><strong>631 fueron negativas.<\/strong><\/span><\/li>\n<li><span style=\"color: #000000;\"><strong>9 nuevos casos positivos.\u00a0<\/strong><\/span><\/li>\n<\/ul>\n<p><span style=\"color: #000000;\">En cuanto a la cantidad de\u00a0<strong>fallecidos<\/strong>,\u00a0se reportaron:<\/span><\/p>\n<ul>\n<li><span style=\"color: #000000;\"><strong>0 en las \u00faltimas 48 horas.<\/strong><\/span><\/li>\n<li><span style=\"color: #000000;\"><strong>1 seg\u00fan la carga en SISA, reportados con fechas anteriores.<\/strong><\/span><\/li>\n<\/ul>\n<p><span style=\"color: #000000;\">La provincia de\u00a0<strong>Mendoza\u00a0registra al d\u00eda de hoy<\/strong>:<\/span><\/p>\n<ul>\n<li><span style=\"color: #000000;\"><strong>165.724 casos positivos confirmados COVID-19.<\/strong><\/span><\/li>\n<li><span style=\"color: #000000;\"><strong>160.625 personas recuperadas COVID-19.<\/strong><\/span><\/li>\n<li><span style=\"color: #000000;\"><strong>4.646 fallecimientos por COVID-19.<\/strong><\/span><\/li>\n<\/ul>\n<p><span style=\"color: #000000;\">Es importante recordar que el Ministerio de Salud de Mendoza informa todos los pacientes.<\/span><\/p>\n","protected":false},"excerpt":{"rendered":"<p>El Ministerio de Salud inform\u00f3 este lunes que se produjeron otros 9 casos y un fallecimiento por coronavirus. Adem\u00e1s, 15 pacientes &#8230;<\/p>\n","protected":false},"author":8,"featured_media":67225,"comment_status":"open","ping_status":"open","sticky":false,"template":"","format":"standard","meta":{"footnotes":""},"categories":[5,62],"tags":[],"class_list":["post-101589","post","type-post","status-publish","format-standard","has-post-thumbnail","hentry","category-actualidad","category-coronavirus"],"_links":{"self":[{"href":"https:\/\/vinasfm.com\/noticias\/wp-json\/wp\/v2\/posts\/101589","targetHints":{"allow":["GET"]}}],"collection":[{"href":"https:\/\/vinasfm.com\/noticias\/wp-json\/wp\/v2\/posts"}],"about":[{"href":"https:\/\/vinasfm.com\/noticias\/wp-json\/wp\/v2\/types\/post"}],"author":[{"embeddable":true,"href":"https:\/\/vinasfm.com\/noticias\/wp-json\/wp\/v2\/users\/8"}],"replies":[{"embeddable":true,"href":"https:\/\/vinasfm.com\/noticias\/wp-json\/wp\/v2\/comments?post=101589"}],"version-history":[{"count":1,"href":"https:\/\/vinasfm.com\/noticias\/wp-json\/wp\/v2\/posts\/101589\/revisions"}],"predecessor-version":[{"id":101590,"href":"https:\/\/vinasfm.com\/noticias\/wp-json\/wp\/v2\/posts\/101589\/revisions\/101590"}],"wp:featuredmedia":[{"embeddable":true,"href":"https:\/\/vinasfm.com\/noticias\/wp-json\/wp\/v2\/media\/67225"}],"wp:attachment":[{"href":"https:\/\/vinasfm.com\/noticias\/wp-json\/wp\/v2\/media?parent=101589"}],"wp:term":[{"taxonomy":"category","embeddable":true,"href":"https:\/\/vinasfm.com\/noticias\/wp-json\/wp\/v2\/categories?post=101589"},{"taxonomy":"post_tag","embeddable":true,"href":"https:\/\/vinasfm.com\/noticias\/wp-json\/wp\/v2\/tags?post=101589"}],"curies":[{"name":"wp","href":"https:\/\/api.w.org\/{rel}","templated":true}]}}