{"id":101511,"date":"2021-11-22T11:21:48","date_gmt":"2021-11-22T14:21:48","guid":{"rendered":"http:\/\/vinasfm.com\/noticias\/?p=101511"},"modified":"2021-11-23T20:38:11","modified_gmt":"2021-11-23T23:38:11","slug":"una-fuerte-tormenta-de-viento-y-lluvia-afecto-al-departamento","status":"publish","type":"post","link":"https:\/\/vinasfm.com\/noticias\/una-fuerte-tormenta-de-viento-y-lluvia-afecto-al-departamento\/","title":{"rendered":"UNA FUERTE TORMENTA DE VIENTO Y LLUVIA AFECT\u00d3 AL DEPARTAMENTO"},"content":{"rendered":"<h4><span style=\"color: #000000;\"><strong>Este domingo por la tarde fuertes r\u00e1fagas de viento acompa\u00f1adas por precipitaciones provocaron da\u00f1os en \u00e1rboles y el cableado el\u00e9ctrico por lo que personal de Defensa Civil, Servicios P\u00fablicos y de la Polic\u00eda de Mendoza debieron trabajar durante varias horas para solucionar estos inconvenientes.<\/strong><\/span><\/h4>\n<p><span style=\"color: #000000;\">Tras las r\u00e1fagas de viento se report\u00f3 <strong>ca\u00edda de \u00e1rboles en Ruta 143 (entre calles G y F), en S\u00e1enz Pe\u00f1a y Caseros, en calle Buenos Aires, entre Alpatacal y Chacabuco, en calles 5 y F, y en calle Juan B. Justo<\/strong>, de Ciudad.<\/span><\/p>\n<p><span style=\"color: #000000;\">En la calle Juan B. Justo, <strong>el ejemplar arb\u00f3reo se precipit\u00f3 sobre una camioneta Isuzu, provocando da\u00f1os de consideraci\u00f3n en el rodado<\/strong>. En tanto, dos \u00e1rboles m\u00e1s cayeron en calle 22, al norte de Ruta 188, y all\u00ed intervino la delegaci\u00f3n municipal de Bowen.<\/span><\/p>\n<p><span style=\"color: #000000;\">Adem\u00e1s, <strong>la cooperativa el\u00e9ctrica Cecsagal report\u00f3 ca\u00edda del tendido el\u00e9ctrico en calle Agust\u00edn \u00c1lvarez, entre calle Lorca y calle F<\/strong>, y en Sargento Medina y calle G, lo que amerit\u00f3 el trabajo de varias cuadrillas de obreros para restablecer el servicio.<\/span><\/p>\n<h5><span style=\"color: #000000;\"><strong>\u2022L.A.<\/strong><\/span><\/h5>\n","protected":false},"excerpt":{"rendered":"<p>Este domingo por la tarde fuertes r\u00e1fagas de viento acompa\u00f1adas por precipitaciones provocaron da\u00f1os en \u00e1rboles y el cableado el\u00e9ctrico por &#8230;<\/p>\n","protected":false},"author":7,"featured_media":101522,"comment_status":"open","ping_status":"open","sticky":false,"template":"","format":"standard","meta":{"footnotes":""},"categories":[5,51],"tags":[],"class_list":["post-101511","post","type-post","status-publish","format-standard","has-post-thumbnail","hentry","category-actualidad","category-defensa-civil"],"_links":{"self":[{"href":"https:\/\/vinasfm.com\/noticias\/wp-json\/wp\/v2\/posts\/101511","targetHints":{"allow":["GET"]}}],"collection":[{"href":"https:\/\/vinasfm.com\/noticias\/wp-json\/wp\/v2\/posts"}],"about":[{"href":"https:\/\/vinasfm.com\/noticias\/wp-json\/wp\/v2\/types\/post"}],"author":[{"embeddable":true,"href":"https:\/\/vinasfm.com\/noticias\/wp-json\/wp\/v2\/users\/7"}],"replies":[{"embeddable":true,"href":"https:\/\/vinasfm.com\/noticias\/wp-json\/wp\/v2\/comments?post=101511"}],"version-history":[{"count":3,"href":"https:\/\/vinasfm.com\/noticias\/wp-json\/wp\/v2\/posts\/101511\/revisions"}],"predecessor-version":[{"id":101560,"href":"https:\/\/vinasfm.com\/noticias\/wp-json\/wp\/v2\/posts\/101511\/revisions\/101560"}],"wp:featuredmedia":[{"embeddable":true,"href":"https:\/\/vinasfm.com\/noticias\/wp-json\/wp\/v2\/media\/101522"}],"wp:attachment":[{"href":"https:\/\/vinasfm.com\/noticias\/wp-json\/wp\/v2\/media?parent=101511"}],"wp:term":[{"taxonomy":"category","embeddable":true,"href":"https:\/\/vinasfm.com\/noticias\/wp-json\/wp\/v2\/categories?post=101511"},{"taxonomy":"post_tag","embeddable":true,"href":"https:\/\/vinasfm.com\/noticias\/wp-json\/wp\/v2\/tags?post=101511"}],"curies":[{"name":"wp","href":"https:\/\/api.w.org\/{rel}","templated":true}]}}